{"id":947,"date":"2015-12-12T13:33:23","date_gmt":"2015-12-12T13:33:23","guid":{"rendered":""},"modified":"-0001-11-30T00:00:00","modified_gmt":"-0001-11-29T22:00:00","slug":"","status":"publish","type":"post","link":"http:\/\/www.chapelle-crecy.com\/?p=947","title":{"rendered":"Annonces du 14 au 20 d\u00e9cembre 2015"},"content":{"rendered":"<div align=\"justify\">Voici les annonces de la semaine du lundi 14 au dimanche 20 d\u00e9cembre 2015 pour la paroisse des 3 clochers Cr\u00e9cy-la-Chapelle, Villiers-sur-Morin, Voulangis. <\/p>\n<p>Samedi 19 \u00e0\u00a0 18 h 30, messe \u00e0\u00a0 Villiers,<br \/>\nDimanche 20 \u00e0\u00a0 10 h 30, messe \u00e0\u00a0 Cr\u00e9cy.<\/p>\n<p>Tous les d\u00e9tails dans la suite &#8230;\n<\/p><\/div>\n<div align=\"center\">\n<table bgcolor =\"F0F0F6\" border=0>\n<tbody>\n<td ><font color=\"0E0C40\"><\/p>\n<div align=\"center\"><b>Lundi 14 d\u00e9cembre<\/b><\/p>\n<p>17 h  Messe \u00e0 la Maison de Retraite.<\/p>\n<p><b>Mardi 15 d\u00e9cembre<\/b><br \/>\n<i><\/i> <\/p>\n<p>18 h &#8211; Messe \u00e0 Cr\u00e9cy pour  Marianne BENVENUTI et  Enzo CARLI.<\/p>\n<p><b>Mercredi 16 d\u00e9cembre<\/b><br \/>\n<i>Sainte Adela\u00efde<\/i><\/p>\n<p>9 h &#8211; Messe \u00e0 Cr\u00e9cy  pour Martine GRAVADE et Pascal DUBUS.<\/p>\n<\/div>\n<p><\/font><\/td>\n<td><font color=\"0E0C40\"><\/p>\n<div align=\"center\"><img decoding=\"async\" src=\"\/IMG\/personnes\/adelaide.jpg\" width=250><br \/>\n<i>Sainte Adela\u00efde<\/i>\n<\/div>\n<p><\/font><\/td>\n<\/tr>\n<\/tbody>\n<\/table>\n<table bgcolor =\"FFF6F0\" border=0>\n<tbody>\n<tr>\n<td><font color=\"00CC00\"><\/p>\n<div align=\"center\"><img decoding=\"async\" src=\"\/IMG\/personnes\/judicael.jpg\" width=250><br \/>\n<i>St Judica\u00ebl<\/i>\n<\/div>\n<p><\/font><\/td>\n<td><font color=\"00CC00\"><\/p>\n<div align=\"center\">\n<p><b>Jeudi 17 d\u00e9cembre<\/b><br \/>\n<i>St Judica\u00ebl<\/i><\/p>\n<p>18 h &#8211; Messe \u00e0 Cr\u00e9cy pour  Yvette VALLEE et Maurice REVEL.<\/p>\n<p><b>Vendredi 18 d\u00e9cembre<\/b><\/p>\n<p>9 h Messe \u00e0 Cr\u00e9cy pour la famille MICHAUD. Nous prierons aussi pour Maurice CAUGNE et  Henri NARET.<br \/>\n20 h 30  C\u00e9l\u00e9bration p\u00e9nitentielle \u00e0 Cr\u00e9cy.<\/p>\n<\/div>\n<p><\/font><\/td>\n<\/tr>\n<\/tbody>\n<\/table>\n<table bgcolor =\"F0F0F6\" border=0>\n<tbody>\n<tr>\n<td><font color=\"0020FF\"><\/p>\n<div align=\"center\"><b>Samedi 19 d\u00e9cembre<\/b><\/p>\n<p>18 h 30 &#8211; Messe \u00e0 Villiers pour  Mich\u00e8le HAESE,  Jeanne BOURCIER et Marc CALONNE. Nous prierons aussi pour Nelly DELORAINE inhum\u00e9e la semaine pass\u00e9e.<\/p>\n<p><b>Dimanche 20 d\u00e9cembre<\/b><br \/>\n<i>Quatri\u00e8me Dimanche de l&rsquo;Avent<\/i><\/p>\n<p>10 h 30 &#8211; A Cr\u00e9cy, messe  pour Rose-Marie DECOUTTERE, Jacqueline MULET et Lionel TANGUY.<\/p><\/div>\n<p><\/font><\/td>\n<td><font color=\"0020FF\"><\/p>\n<div align=\"center\"><img decoding=\"async\" src=\"\/IMG\/lieux\/villiers_eglise2.jpg\"  width=300><\/div>\n<p><\/font><\/td>\n<\/tr>\n<\/tbody>\n<\/table>\n<\/div>\n","protected":false},"excerpt":{"rendered":"<p>Voici les annonces de la semaine du lundi 14 au dimanche 20 d\u00e9cembre 2015 pour la paroisse des 3 clochers Cr\u00e9cy-la-Chapelle, Villiers-sur-Morin, Voulangis. Samedi 19 \u00e0\u00a0 18 h 30, messe \u00e0\u00a0 Villiers, Dimanche 20&#46;&#46;&#46;<\/p>\n","protected":false},"author":2,"featured_media":0,"comment_status":"open","ping_status":"open","sticky":false,"template":"","format":"standard","meta":{"footnotes":""},"categories":[],"tags":[],"class_list":["post-947","post","type-post","status-publish","format-standard","hentry"],"_links":{"self":[{"href":"http:\/\/www.chapelle-crecy.com\/index.php?rest_route=\/wp\/v2\/posts\/947","targetHints":{"allow":["GET"]}}],"collection":[{"href":"http:\/\/www.chapelle-crecy.com\/index.php?rest_route=\/wp\/v2\/posts"}],"about":[{"href":"http:\/\/www.chapelle-crecy.com\/index.php?rest_route=\/wp\/v2\/types\/post"}],"author":[{"embeddable":true,"href":"http:\/\/www.chapelle-crecy.com\/index.php?rest_route=\/wp\/v2\/users\/2"}],"replies":[{"embeddable":true,"href":"http:\/\/www.chapelle-crecy.com\/index.php?rest_route=%2Fwp%2Fv2%2Fcomments&post=947"}],"version-history":[{"count":0,"href":"http:\/\/www.chapelle-crecy.com\/index.php?rest_route=\/wp\/v2\/posts\/947\/revisions"}],"wp:attachment":[{"href":"http:\/\/www.chapelle-crecy.com\/index.php?rest_route=%2Fwp%2Fv2%2Fmedia&parent=947"}],"wp:term":[{"taxonomy":"category","embeddable":true,"href":"http:\/\/www.chapelle-crecy.com\/index.php?rest_route=%2Fwp%2Fv2%2Fcategories&post=947"},{"taxonomy":"post_tag","embeddable":true,"href":"http:\/\/www.chapelle-crecy.com\/index.php?rest_route=%2Fwp%2Fv2%2Ftags&post=947"}],"curies":[{"name":"wp","href":"https:\/\/api.w.org\/{rel}","templated":true}]}}