{"id":948,"date":"2015-12-12T22:09:48","date_gmt":"2015-12-12T22:09:48","guid":{"rendered":""},"modified":"-0001-11-30T00:00:00","modified_gmt":"-0001-11-29T22:00:00","slug":"","status":"publish","type":"post","link":"http:\/\/www.chapelle-crecy.com\/?p=948","title":{"rendered":"Ouvrons nos portes !"},"content":{"rendered":"<div align=\"justify\">En ce mois de d\u00e9cembre, l&rsquo;\u00e9glise catholique universelle ouvre la Porte du Jubil\u00e9 extraordinaire de la mis\u00e9ricorde voulu par le pape Fran\u00e7ois, comme en t\u00e9moigne <u><i>[la grande messe de l&rsquo;ouverture de la porte Sainte de la Mis\u00e9ricorde->http:\/\/www.ktotv.com\/video\/00095010\/le-pape-francois-ouvre-la-porte-sainte-de-la-misericorde]<\/i><\/u> \u00e0\u00a0 Rome, le 8 d\u00e9cembre 2015. Des c\u00e9l\u00e9brations accompagnent cette ouverture dans les [\u00e9glises jubilaires<u><i>->http:\/\/www.eglise.catholique.fr\/actualites\/dossiers\/jubile-de-la-misericorde\/411771-une-vingtaine-de-portes-de-la-misericorde-ouvertes-le-8-decembre\/]<\/i><\/u> (Cath\u00e9drale de Meaux). <br \/>\nEn ce mois de d\u00e9cembre, chemin vers la f\u00eate de la naissance du Christ, nous ouvrirons \u00e9galement des fen\u00eatres, celles du calendrier de l&rsquo;Avent, signifiant ainsi notre d\u00e9sir d&rsquo;ouvrir de plus en plus nos coeurs pour accueillir J\u00e9sus, Dieu fait homme. Cette symbolique de l&rsquo;ouverture est le socle de notre foi, le Christ nous appelle sans cesse \u00e0\u00a0 ouvrir nos portes, nos yeux, nos coeurs&#8230; <\/p>\n<div align=\"center\"><img decoding=\"async\" src=\"\/IMG\/jpg\/misericorde.jpg\" width=400><\/div>\n<p>Pourtant, en cette fin d&rsquo;ann\u00e9e, nous assistons \u00e9galement \u00e0\u00a0 des gestes de fermeture motiv\u00e9s par la peur, le soup\u00e7on \u00e0\u00a0 l&rsquo;image de ces barbel\u00e9s install\u00e9s le long des fronti\u00e8res. Nous voyons aussi comment la fermeture du coeur, la haine et le rejet de l&rsquo;autre se traduisent par des massacres \u00e0\u00a0 Paris, en Syrie, en Irak, au Liban&#8230; Chers paroissiens, dans notre entourage, dans notre vie de tous les jours, sommes-nous des femmes et des hommes d&rsquo;ouverture ? Accueillons-nous par l&rsquo;\u00e9coute, l&rsquo;attention aux autres, au milieu de nos multiples activit\u00e9s quotidiennes les oubli\u00e9s, les laiss\u00e9s pour compte de nos secteurs ou tout simplement ceux qui n&rsquo;ont jamais la parole ? Sur la croix, le Christ a ouvert grand les bras pour toute l&rsquo;humanit\u00e9. \u00e0\u20ac nous de le suivre sur ce chemin d&rsquo;accueil de l&rsquo;autre, de tout autre.<br \/>\nBon temps de l&rsquo;Avent dans l&rsquo;attente de cette grande f\u00eate de la Nativit\u00e9.<br \/>\nSylvie et Jo\u00f6l<br \/>\n A suivre tout au long de cette ann\u00e9e jubilaire exceptionnelle, sur ce site et sur le journal de l&rsquo;Echo de la Vall\u00e9e, des conseils pour bien vivre cette ann\u00e9e de la Mis\u00e9ricorde, des exemples concrets et des t\u00e9moignages. Procurez-vous le prochain num\u00e9ro 275 de No\u00f6l de l&rsquo;Echo de la Vall\u00e9e, dont le th\u00e8me du dossier est: \u00ab\u00a0Accueillir l&rsquo;autre dans sa fragilit\u00e9\u00a0\u00bb.\n<\/p><\/div>\n","protected":false},"excerpt":{"rendered":"<p>En ce mois de d\u00e9cembre, l&rsquo;\u00e9glise catholique universelle ouvre la Porte du Jubil\u00e9 extraordinaire de la mis\u00e9ricorde voulu par le pape Fran\u00e7ois, comme en t\u00e9moigne [la grande messe de l&rsquo;ouverture de la porte Sainte&#46;&#46;&#46;<\/p>\n","protected":false},"author":2,"featured_media":0,"comment_status":"open","ping_status":"open","sticky":false,"template":"","format":"standard","meta":{"footnotes":""},"categories":[],"tags":[],"class_list":["post-948","post","type-post","status-publish","format-standard","hentry"],"_links":{"self":[{"href":"http:\/\/www.chapelle-crecy.com\/index.php?rest_route=\/wp\/v2\/posts\/948","targetHints":{"allow":["GET"]}}],"collection":[{"href":"http:\/\/www.chapelle-crecy.com\/index.php?rest_route=\/wp\/v2\/posts"}],"about":[{"href":"http:\/\/www.chapelle-crecy.com\/index.php?rest_route=\/wp\/v2\/types\/post"}],"author":[{"embeddable":true,"href":"http:\/\/www.chapelle-crecy.com\/index.php?rest_route=\/wp\/v2\/users\/2"}],"replies":[{"embeddable":true,"href":"http:\/\/www.chapelle-crecy.com\/index.php?rest_route=%2Fwp%2Fv2%2Fcomments&post=948"}],"version-history":[{"count":0,"href":"http:\/\/www.chapelle-crecy.com\/index.php?rest_route=\/wp\/v2\/posts\/948\/revisions"}],"wp:attachment":[{"href":"http:\/\/www.chapelle-crecy.com\/index.php?rest_route=%2Fwp%2Fv2%2Fmedia&parent=948"}],"wp:term":[{"taxonomy":"category","embeddable":true,"href":"http:\/\/www.chapelle-crecy.com\/index.php?rest_route=%2Fwp%2Fv2%2Fcategories&post=948"},{"taxonomy":"post_tag","embeddable":true,"href":"http:\/\/www.chapelle-crecy.com\/index.php?rest_route=%2Fwp%2Fv2%2Ftags&post=948"}],"curies":[{"name":"wp","href":"https:\/\/api.w.org\/{rel}","templated":true}]}}