{"id":949,"date":"2015-12-16T11:23:46","date_gmt":"2015-12-16T11:23:46","guid":{"rendered":""},"modified":"-0001-11-30T00:00:00","modified_gmt":"-0001-11-29T22:00:00","slug":"","status":"publish","type":"post","link":"http:\/\/www.chapelle-crecy.com\/?p=949","title":{"rendered":"Messe de confirmation &#8211; Cr\u00e9cy- 05\/12\/2015"},"content":{"rendered":"<div align=\"justify\">Mgr Nahmias, \u00e9v\u00eaque de Meaux, nous a fait l&rsquo;honneur cette ann\u00e9e de c\u00e9l\u00e9brer la messe de confirmation de 28 jeunes, issus des secteurs paroissiaux de Quincy-Esbly-Cr\u00e9cy-Saint Fiacre en l&rsquo;\u00e9glise saint Georges \u00e0\u00a0 Cr\u00e9cy-la-Chapelle le samedi 5 d\u00e9cembre \u00e0\u00a0 18h30. Les P\u00e8res Thierry Leroy, cur\u00e9 de P\u00f4le missionnaire de Meaux, Philippe Legrand, r\u00e9f\u00e9rent du secteur pastoral de Saint Fiacre, Bruno Beltramelli, pr\u00eatre r\u00e9f\u00e9rent du secteur pastoral d&rsquo;Esbly et Aim\u00e9 Hounzandji, pr\u00eatre r\u00e9f\u00e9rent du secteur pastoral de Cr\u00e9cy, entouraient notre \u00e9v\u00eaque pour cette belle et pleine c\u00e9l\u00e9bration. Parcourez l&rsquo;album photos mis en ligne pour revivre l&rsquo;engagement de ces jeunes, tellement audacieux au temps pr\u00e9sent mais qui le rend d&rsquo;autant plus profond et missionnaire. Nous leur souhaitons bon vent d\u00e9sormais comme t\u00e9moins, disciples et amis du Christ dans le monde de notre temps.<br \/>\nRetrouvez dans l&rsquo;album ci-joint les temps forts de cette magnifique c\u00e9r\u00e9monie.<br \/>\n  <\/p>\n<div align=\"center\">\n<a href=\"https:\/\/picasaweb.google.com\/100406574844511086142\/MesseDeConfirmationCrecy05122015?authkey=Gv1sRgCJDWpOyMyrerbw&#038;feat=email\" target=\"_blank\"><b><img decoding=\"async\" src=\"\/IMG\/jpg\/nahmias-ordi.jpg\" width=350><br \/>L&rsquo;album-photo de la confirmation <\/div>\n<\/div>\n<p>Pour r\u00e9cup\u00e9rer une photo sur votre ordinateur, cliquez sur la photo choisie pour l&rsquo;afficher en grand puis cliquez sur \u00ab\u00a0t\u00e9l\u00e9charger\u00a0\u00bb au-dessus de la photo. Cela permet de r\u00e9cup\u00e9rer la photo au format d&rsquo;origine, utilisable pour impression. (N&rsquo;h\u00e9sitez pas \u00e0\u00a0 nous contacter si besoin d&rsquo;aide).\n<\/p><\/div>\n","protected":false},"excerpt":{"rendered":"<p>Mgr Nahmias, \u00e9v\u00eaque de Meaux, nous a fait l&rsquo;honneur cette ann\u00e9e de c\u00e9l\u00e9brer la messe de confirmation de 28 jeunes, issus des secteurs paroissiaux de Quincy-Esbly-Cr\u00e9cy-Saint Fiacre en l&rsquo;\u00e9glise saint Georges \u00e0\u00a0 Cr\u00e9cy-la-Chapelle le&#46;&#46;&#46;<\/p>\n","protected":false},"author":2,"featured_media":0,"comment_status":"open","ping_status":"open","sticky":false,"template":"","format":"standard","meta":{"footnotes":""},"categories":[],"tags":[],"class_list":["post-949","post","type-post","status-publish","format-standard","hentry"],"_links":{"self":[{"href":"http:\/\/www.chapelle-crecy.com\/index.php?rest_route=\/wp\/v2\/posts\/949","targetHints":{"allow":["GET"]}}],"collection":[{"href":"http:\/\/www.chapelle-crecy.com\/index.php?rest_route=\/wp\/v2\/posts"}],"about":[{"href":"http:\/\/www.chapelle-crecy.com\/index.php?rest_route=\/wp\/v2\/types\/post"}],"author":[{"embeddable":true,"href":"http:\/\/www.chapelle-crecy.com\/index.php?rest_route=\/wp\/v2\/users\/2"}],"replies":[{"embeddable":true,"href":"http:\/\/www.chapelle-crecy.com\/index.php?rest_route=%2Fwp%2Fv2%2Fcomments&post=949"}],"version-history":[{"count":0,"href":"http:\/\/www.chapelle-crecy.com\/index.php?rest_route=\/wp\/v2\/posts\/949\/revisions"}],"wp:attachment":[{"href":"http:\/\/www.chapelle-crecy.com\/index.php?rest_route=%2Fwp%2Fv2%2Fmedia&parent=949"}],"wp:term":[{"taxonomy":"category","embeddable":true,"href":"http:\/\/www.chapelle-crecy.com\/index.php?rest_route=%2Fwp%2Fv2%2Fcategories&post=949"},{"taxonomy":"post_tag","embeddable":true,"href":"http:\/\/www.chapelle-crecy.com\/index.php?rest_route=%2Fwp%2Fv2%2Ftags&post=949"}],"curies":[{"name":"wp","href":"https:\/\/api.w.org\/{rel}","templated":true}]}}