{"id":952,"date":"2016-01-01T00:01:00","date_gmt":"2016-01-01T00:01:00","guid":{"rendered":""},"modified":"-0001-11-30T00:00:00","modified_gmt":"-0001-11-29T22:00:00","slug":"","status":"publish","type":"post","link":"http:\/\/www.chapelle-crecy.com\/?p=952","title":{"rendered":"Bonne et Sainte Ann\u00e9e de la Mis\u00e9ricorde !"},"content":{"rendered":"<div align=\"justify\">Au nom du P\u00e8re Aim\u00e9, de l&rsquo;Equipe d&rsquo;Animation Paroissiale (EAP) et de tous les acteurs de l&rsquo;\u00e9vang\u00e9lisation dans notre secteur pastoral de Cr\u00e9cy (cat\u00e9chistes, pr\u00e9paration au mariage, accompagnement des fun\u00e9railles, pastorale de la sant\u00e9, antenne du Secours Catholique de Cr\u00e9cy, etc.), toute l&rsquo;\u00e9quipe de communication de la paroisse (Echo de la Vall\u00e9e, site paroissial) est heureuse de vous souhaiter une belle et heureuse ann\u00e9e 2016. Au-del\u00e0\u00a0 des classiques voeux de bonheur, sant\u00e9 et joie, avec le Pape Fran\u00e7ois et l&rsquo;Eglise Universelle, le secteur pastoral de Cr\u00e9cy vous adresse avec infiniment d&rsquo;amour ses meilleurs souhaits pour vivre magnifiquement cette belle ann\u00e9e de la Mis\u00e9ricorde dans la Paix et l&rsquo;Amour de Dieu. <\/p>\n<div align=\"center\"><img decoding=\"async\" src=\"\/IMG\/jpg\/misericordedivine.jpg\" width=250><\/div>\n<p>\nPendant toute cette ann\u00e9e, nous nous efforcerons, dans nos colonnes, de vous communiquer les gestes et actions tous simples \u00e0\u00a0 r\u00e9aliser, les principales manifestations eccl\u00e9siales, les retraites t\u00e9moignages ou m\u00e9ditations pour vivre au mieux cette [ann\u00e9e jubilaire exceptionnelle-> http:\/\/www.croire.com\/Definitions\/Mots-de-la-foi\/Misericorde\/Comment-vivre-l-annee-de-la-Misericorde] qu&rsquo;a voulu le Pape.<br \/>\nElisabeth, cat\u00e9chiste \u00e0\u00a0 Cr\u00e9cy a repris pour vous l&rsquo;essentiel du message du Pape lors de l&rsquo;ouverture de cette ann\u00e9e sainte, le 8 d\u00e9cembre 2015.<br \/>\n \u00abJe suis la porte\u00bb dit J\u00e9sus. Pourtant, les portes de nos maisons &#8230;<\/div>\n<div align=\"justify\">&#8230; sont bien verrouill\u00e9es, les alarmes sont install\u00e9es pour d\u00e9tecter le moindre mouvement \u00e9tranger. Les portes de nos \u00e9glises sont, elles aussi, closes car tant de voleurs y sont entr\u00e9s  pour d\u00e9rober les objets pr\u00e9cieux que celles-ci renfermaient. La porte de notre coeur est, elle aussi, bien souvent ferm\u00e9e pour ne pas \u00eatre d\u00e9ranger\u00e2\u20ac\u00a6<br \/>\n J\u00e9sus se tient \u00e0 la porte de notre coeur, de nos maisons, de notre \u00e9glise et Il frappe. Entendrons-nous sa voix ?<\/p>\n<p> En cette ann\u00e9e de jubil\u00e9 de la mis\u00e9ricorde, cette ann\u00e9e de gr\u00e2ces o\u00f9 le Seigneur se fait proche, \u00e9coutons notre pape Fran\u00e7ois:<br \/>\n\u00ab La maison de Dieu est un abri et non une prison !<br \/>\n L&rsquo;Eglise est la gardienne de la maison du Seigneur et non la patronne !<br \/>\n L&rsquo;Eglise est appel\u00e9e \u00e0 \u00eatre la maison  toujours ouverte du P\u00e8re. Elle est la maison paternelle et il y a de la place pour chacun.<br \/>\n Pas de portes blind\u00e9es dans l&rsquo;Eglise, tout doit \u00eatre ouvert !<br \/>\n Combien de personnes n&rsquo;ont plus la force de frapper \u00e0 la porte de nos \u00e9glises? Nous leur avons enlev\u00e9 leur confiance.<br \/>\n Que la porte de notre coeur reste ouverte pour recevoir ou donner le pardon \u00e0 tous ceux qui frappent \u00e0 la porte de notre coeur.<br \/>\n Que vous fassiez de la porte de vos maisons un signe de la mis\u00e9ricorde de Dieu ouverte \u00e0 tous ! \u00bb<br \/>\n En ce temps de No\u00ebl, accueillons de tout coeur,  l&rsquo;Emmanuel (Dieu qui Sauve).<br \/>\nIl se fait si petit parmi nous qu&rsquo;il nous suffit d&rsquo;entrouvrir la porte pour qu&rsquo;Il vienne illuminer notre maison d&rsquo;une lumi\u00e8re nouvelle et \u00e9ternelle.<br \/>\n Notes prises par Elisabeth, lors du discours du Pape du 8 d\u00e9cembre 2015 \u00e0 Rome\n<\/p><\/div>\n","protected":false},"excerpt":{"rendered":"<p>Au nom du P\u00e8re Aim\u00e9, de l&rsquo;Equipe d&rsquo;Animation Paroissiale (EAP) et de tous les acteurs de l&rsquo;\u00e9vang\u00e9lisation dans notre secteur pastoral de Cr\u00e9cy (cat\u00e9chistes, pr\u00e9paration au mariage, accompagnement des fun\u00e9railles, pastorale de la sant\u00e9,&#46;&#46;&#46;<\/p>\n","protected":false},"author":2,"featured_media":0,"comment_status":"open","ping_status":"open","sticky":false,"template":"","format":"standard","meta":{"footnotes":""},"categories":[],"tags":[],"class_list":["post-952","post","type-post","status-publish","format-standard","hentry"],"_links":{"self":[{"href":"http:\/\/www.chapelle-crecy.com\/index.php?rest_route=\/wp\/v2\/posts\/952","targetHints":{"allow":["GET"]}}],"collection":[{"href":"http:\/\/www.chapelle-crecy.com\/index.php?rest_route=\/wp\/v2\/posts"}],"about":[{"href":"http:\/\/www.chapelle-crecy.com\/index.php?rest_route=\/wp\/v2\/types\/post"}],"author":[{"embeddable":true,"href":"http:\/\/www.chapelle-crecy.com\/index.php?rest_route=\/wp\/v2\/users\/2"}],"replies":[{"embeddable":true,"href":"http:\/\/www.chapelle-crecy.com\/index.php?rest_route=%2Fwp%2Fv2%2Fcomments&post=952"}],"version-history":[{"count":0,"href":"http:\/\/www.chapelle-crecy.com\/index.php?rest_route=\/wp\/v2\/posts\/952\/revisions"}],"wp:attachment":[{"href":"http:\/\/www.chapelle-crecy.com\/index.php?rest_route=%2Fwp%2Fv2%2Fmedia&parent=952"}],"wp:term":[{"taxonomy":"category","embeddable":true,"href":"http:\/\/www.chapelle-crecy.com\/index.php?rest_route=%2Fwp%2Fv2%2Fcategories&post=952"},{"taxonomy":"post_tag","embeddable":true,"href":"http:\/\/www.chapelle-crecy.com\/index.php?rest_route=%2Fwp%2Fv2%2Ftags&post=952"}],"curies":[{"name":"wp","href":"https:\/\/api.w.org\/{rel}","templated":true}]}}