{"id":953,"date":"2016-01-01T20:47:04","date_gmt":"2016-01-01T20:47:04","guid":{"rendered":""},"modified":"-0001-11-30T00:00:00","modified_gmt":"-0001-11-29T22:00:00","slug":"","status":"publish","type":"post","link":"http:\/\/www.chapelle-crecy.com\/?p=953","title":{"rendered":"Annonces du 4 au 10 janvier 2016"},"content":{"rendered":"<div align=\"justify\">Voici les annonces de la semaine du lundi 4 au dimanche 10 janvier 2016 pour la paroisse des 3 clochers Cr\u00e9cy-la-Chapelle, Villiers-sur-Morin, Voulangis. <\/p>\n<p>Samedi 9 \u00e0\u00a0 18 h 30, messe \u00e0\u00a0 Voulangis,<br \/>\nDimanche 10 \u00e0\u00a0 10 h, messe \u00e0\u00a0 Cr\u00e9cy.<\/p>\n<p>Tous les d\u00e9tails dans la suite &#8230;\n<\/p><\/div>\n<div align=\"center\">\n<table bgcolor =\"F0F0F6\" border=0>\n<tbody>\n<td ><font color=\"0E0C40\"><\/p>\n<div align=\"center\"><b>Lundi 4 janvier<\/b><\/p>\n<p>14 h 30 &#8211; A Villiers, obs\u00e8ques d&rsquo;Andr\u00e9 SALTEL<br \/>\n14 h 30 &#8211; R\u00e9union de l&rsquo;Equipe du Rosaire chez Mme BACOUP.<br \/>\n17 h  Messe \u00e0 la Maison de Retraite.<br \/>\n20 h 30 &#8211; Au presbyt\u00e8re, r\u00e9union Equipe Permanence d&rsquo;Accueil.<\/p>\n<p><b>Mardi 5 janvier<\/b><\/p>\n<p>9 h &#8211; Messe \u00e0 Cr\u00e9cy pour la famille THION-MUNIER et Georges PAQUET.<\/p>\n<p><b>Mercredi 6 janvier<\/b><\/p>\n<p>9 h &#8211; Messe \u00e0 Cr\u00e9cy pour Jeannine PERRICHON et Pierre LOUIS.<\/p>\n<\/div>\n<p><\/font><\/td>\n<td><font color=\"0E0C40\"><\/p>\n<div align=\"center\"><img decoding=\"async\" src=\"\/IMG\/personnes\/roi_mages.jpg\" width=250><br \/>\n<img decoding=\"async\" src=\"\/IMG\/personnes\/rois_mages2.gif\" width=250>\n<\/div>\n<p><\/font><\/td>\n<\/tr>\n<\/tbody>\n<\/table>\n<table bgcolor =\"FFF6F0\" border=0>\n<tbody>\n<tr>\n<td><font color=\"00CC00\"><\/p>\n<div align=\"center\"><img decoding=\"async\" src=\"\/IMG\/jpg\/creche_voulangis2015.jpg\" width=250><br \/>\n<i>Cr\u00e8che de Voulangis 2015<\/i><br \/>\n<img decoding=\"async\" src=\"\/IMG\/jpg\/creche_villiers2015.jpg\" width=250><br \/>\n<i>Cr\u00e8che de Villliers 2015<\/i>\n<\/div>\n<p><\/font><\/td>\n<td><font color=\"00CC00\"><\/p>\n<div align=\"center\">\n<p><b>Jeudi 7 janvier<\/b><\/p>\n<p>18 h &#8211; Messe \u00e0 Cr\u00e9cy pour Lucien GORRET et Andr\u00e9 RENAULT.<br \/>\n20 h 30 &#8211; Au presbyt\u00e8re, r\u00e9union de l&rsquo;E.A.P<\/p>\n<p><b>Vendredi 8 janvier<\/b><\/p>\n<p>9 h &#8211; Messe \u00e0 Cr\u00e9cy pour Patrick FARAOULT et Mich\u00e8le BOUSQUET.<br \/>\n9 h 30  &#8211; Adoration du Saint Sacrement \u00e0 la Chapelle de la Vierge.<\/div>\n<p><\/font><\/td>\n<\/tr>\n<\/tbody>\n<\/table>\n<table bgcolor =\"F0F0F6\" border=0>\n<tbody>\n<tr>\n<td><font color=\"0020FF\"><\/p>\n<div align=\"center\"><b>Samedi 9 janvier<\/b><\/p>\n<p>18 h 30 &#8211; Messe \u00e0 Voulangis pour Jeannine DELAVENA et Maryvonne MATHONNET.<\/p>\n<p><b>Dimanche 10 janvier<\/b><br \/>\nBAPTEME DU SEIGNEUR<\/p>\n<p><b><u>10 h 00<\/u><\/b> &#8211; Messe \u00e0 Cr\u00e9cy pour Andr\u00e9 CHAMPIN, Claudie SIMON et Andr\u00e9e PHILIPPE.<\/div>\n<p><\/font><\/td>\n<td><font color=\"0020FF\"><\/p>\n<div align=\"center\"><img decoding=\"async\" src=\"\/IMG\/jpg\/creche_crecy2015.jpg\"  width=300><br \/><i>Cr\u00e9che de Cr\u00e9cy 2015<\/i><\/div>\n<p><\/font><\/td>\n<\/tr>\n<\/tbody>\n<\/table>\n<\/div>\n","protected":false},"excerpt":{"rendered":"<p>Voici les annonces de la semaine du lundi 4 au dimanche 10 janvier 2016 pour la paroisse des 3 clochers Cr\u00e9cy-la-Chapelle, Villiers-sur-Morin, Voulangis. Samedi 9 \u00e0\u00a0 18 h 30, messe \u00e0\u00a0 Voulangis, Dimanche 10&#46;&#46;&#46;<\/p>\n","protected":false},"author":2,"featured_media":0,"comment_status":"open","ping_status":"open","sticky":false,"template":"","format":"standard","meta":{"footnotes":""},"categories":[],"tags":[],"class_list":["post-953","post","type-post","status-publish","format-standard","hentry"],"_links":{"self":[{"href":"http:\/\/www.chapelle-crecy.com\/index.php?rest_route=\/wp\/v2\/posts\/953","targetHints":{"allow":["GET"]}}],"collection":[{"href":"http:\/\/www.chapelle-crecy.com\/index.php?rest_route=\/wp\/v2\/posts"}],"about":[{"href":"http:\/\/www.chapelle-crecy.com\/index.php?rest_route=\/wp\/v2\/types\/post"}],"author":[{"embeddable":true,"href":"http:\/\/www.chapelle-crecy.com\/index.php?rest_route=\/wp\/v2\/users\/2"}],"replies":[{"embeddable":true,"href":"http:\/\/www.chapelle-crecy.com\/index.php?rest_route=%2Fwp%2Fv2%2Fcomments&post=953"}],"version-history":[{"count":0,"href":"http:\/\/www.chapelle-crecy.com\/index.php?rest_route=\/wp\/v2\/posts\/953\/revisions"}],"wp:attachment":[{"href":"http:\/\/www.chapelle-crecy.com\/index.php?rest_route=%2Fwp%2Fv2%2Fmedia&parent=953"}],"wp:term":[{"taxonomy":"category","embeddable":true,"href":"http:\/\/www.chapelle-crecy.com\/index.php?rest_route=%2Fwp%2Fv2%2Fcategories&post=953"},{"taxonomy":"post_tag","embeddable":true,"href":"http:\/\/www.chapelle-crecy.com\/index.php?rest_route=%2Fwp%2Fv2%2Ftags&post=953"}],"curies":[{"name":"wp","href":"https:\/\/api.w.org\/{rel}","templated":true}]}}