{"id":955,"date":"2016-01-12T13:32:01","date_gmt":"2016-01-12T13:32:01","guid":{"rendered":""},"modified":"-0001-11-30T00:00:00","modified_gmt":"-0001-11-29T22:00:00","slug":"","status":"publish","type":"post","link":"http:\/\/www.chapelle-crecy.com\/?p=955","title":{"rendered":"La Famille B\u00e9lier \u00e0\u00a0 Cin\u00e9-Dimanche \u00e0\u00a0 Cr\u00e9cy le 24 janvier"},"content":{"rendered":"<div align=\"justify\">Venez partager \u00e0\u00a0 14h au Secours Catholique de Cr\u00e9cy, un film touchant et attachant ! (Entr\u00e9e gratuite)<br \/>\n<br \/>\nEvelyne et l&rsquo;\u00e9quipe du Secours Catholique de Cr\u00e9cy au 13, place du march\u00e9 de Cr\u00e9cy-la-Chapelle vous convient \u00e0\u00a0 visionner ou revoir le film \u00e0\u00a0 succ\u00e8s \u00ab\u00a0La famille B\u00e9lier\u00a0\u00bb. Dans le cadre de son activit\u00e9 CINE-DIMANCHE, la dynamique et sympathique \u00e9quipe du Secours Catholique vous proposera un go\u00fbter-d\u00e9bat \u00e0\u00a0 l&rsquo;issue de la projection. Parlez-en autour de vous et venez nombreux passer \u00e0\u00a0 Cr\u00e9cy un dimanche hors du commun !!!<br \/>\nEn attendant de vous accueillir le dimanche 24 janvier, revivez les moments forts dans la bande-annonce du film:<\/p>\n<div align=\"center\"><iframe loading=\"lazy\" width=\"560\" height=\"315\" src=\"https:\/\/www.youtube.com\/embed\/1T5YC-aQeME\" frameborder=\"0\" allowfullscreen><\/iframe><\/div>\n<\/div>\n<div align=\"justify\">Contact:<br \/>\n Evelyne Reydel: 06-13-62-01-66<br \/>\n Alain Legeay: 06-72-28-45-04<br \/>\n [Jo\u00ebl Lahaille->https:\/\/www.facebook.com\/joel.lahaille]: 06-52-28-28-02<\/p>\n<p> <b>Rappel de l&rsquo;intrigue : <\/b><\/p>\n<p>Dans la famille B\u00e9lier, tout le monde est sourd sauf Paula, 16 ans. Elle est une interpr\u00e8te indispensable \u00e0 ses parents au quotidien, notamment pour l&rsquo;exploitation de la ferme familiale. Un jour, pouss\u00e9e par son professeur de musique qui lui a d\u00e9couvert un don pour le chant, elle d\u00e9cide de pr\u00e9parer le concours de Radio France. Un choix de vie qui signifierait pour elle l&rsquo;\u00e9loignement de sa famille et un passage in\u00e9vitable \u00e0 l&rsquo;\u00e2ge adulte. <\/p><\/div>\n","protected":false},"excerpt":{"rendered":"<p>Venez partager \u00e0\u00a0 14h au Secours Catholique de Cr\u00e9cy, un film touchant et attachant ! (Entr\u00e9e gratuite) Evelyne et l&rsquo;\u00e9quipe du Secours Catholique de Cr\u00e9cy au 13, place du march\u00e9 de Cr\u00e9cy-la-Chapelle vous convient&#46;&#46;&#46;<\/p>\n","protected":false},"author":2,"featured_media":0,"comment_status":"open","ping_status":"open","sticky":false,"template":"","format":"standard","meta":{"footnotes":""},"categories":[],"tags":[],"class_list":["post-955","post","type-post","status-publish","format-standard","hentry"],"_links":{"self":[{"href":"http:\/\/www.chapelle-crecy.com\/index.php?rest_route=\/wp\/v2\/posts\/955","targetHints":{"allow":["GET"]}}],"collection":[{"href":"http:\/\/www.chapelle-crecy.com\/index.php?rest_route=\/wp\/v2\/posts"}],"about":[{"href":"http:\/\/www.chapelle-crecy.com\/index.php?rest_route=\/wp\/v2\/types\/post"}],"author":[{"embeddable":true,"href":"http:\/\/www.chapelle-crecy.com\/index.php?rest_route=\/wp\/v2\/users\/2"}],"replies":[{"embeddable":true,"href":"http:\/\/www.chapelle-crecy.com\/index.php?rest_route=%2Fwp%2Fv2%2Fcomments&post=955"}],"version-history":[{"count":0,"href":"http:\/\/www.chapelle-crecy.com\/index.php?rest_route=\/wp\/v2\/posts\/955\/revisions"}],"wp:attachment":[{"href":"http:\/\/www.chapelle-crecy.com\/index.php?rest_route=%2Fwp%2Fv2%2Fmedia&parent=955"}],"wp:term":[{"taxonomy":"category","embeddable":true,"href":"http:\/\/www.chapelle-crecy.com\/index.php?rest_route=%2Fwp%2Fv2%2Fcategories&post=955"},{"taxonomy":"post_tag","embeddable":true,"href":"http:\/\/www.chapelle-crecy.com\/index.php?rest_route=%2Fwp%2Fv2%2Ftags&post=955"}],"curies":[{"name":"wp","href":"https:\/\/api.w.org\/{rel}","templated":true}]}}