{"id":959,"date":"2016-01-22T14:35:45","date_gmt":"2016-01-22T14:35:45","guid":{"rendered":""},"modified":"-0001-11-30T00:00:00","modified_gmt":"-0001-11-29T22:00:00","slug":"","status":"publish","type":"post","link":"http:\/\/www.chapelle-crecy.com\/?p=959","title":{"rendered":"Annonces du 25 au 31 janvier 2016"},"content":{"rendered":"<div align=\"justify\">Voici les annonces de la semaine du lundi 25 au dimanche 31 janvier 2016 pour la paroisse des 3 clochers Cr\u00e9cy-la-Chapelle, Villiers-sur-Morin, Voulangis. <\/p>\n<p>Dimanche 31 \u00e0\u00a0 10 h 30, messe \u00e0\u00a0 Voulangis. B\u00e9n\u00e9diction des vitraux.<\/p>\n<p>Tous les d\u00e9tails dans la suite &#8230;\n<\/p><\/div>\n<div align=\"center\">\n<table bgcolor =\"F0F0F6\" border=0>\n<tbody>\n<td ><font color=\"0E0C40\"><\/p>\n<div align=\"center\"><b>Lundi 25 janvier<\/b><br \/> <br \/>\n<i>Conversion de Saint-Paul<\/i><\/p>\n<p>17 h  C\u00e9l\u00e9bration \u00e0 la Maison de Retraite.<\/p>\n<p> <br \/>\n<b>Mardi 26 janvier<\/b><\/p>\n<p>18 h &#8211; Messe \u00e0 Cr\u00e9cy pour Jean PANHARD et Henri NARET.<\/p>\n<\/div>\n<p><\/font><\/td>\n<td><font color=\"0E0C40\"><\/p>\n<div align=\"center\"><img decoding=\"async\" src=\"\/IMG\/personnes\/conversion_paul.jpg\" width=300><br \/>\n<i>Conversion de Saint-Paul<\/i>\n<\/div>\n<p><\/font><\/td>\n<\/tr>\n<\/tbody>\n<\/table>\n<table bgcolor =\"FFF6F0\" border=0>\n<tbody>\n<tr>\n<td><font color=\"00CC00\"><\/p>\n<div align=\"center\"><img decoding=\"async\" src=\"\/IMG\/personnes\/thomas_daquin.jpg\" width=250><br \/>\n<i>Saint Thomas d&rsquo;Aquin<\/i>\n<\/div>\n<p><\/font><\/td>\n<td><font color=\"00CC00\"><\/p>\n<div align=\"center\">\n<p><b>Jeudi 28 janvier<\/b><br \/>\n<i>Saint Thomas d&rsquo;Aquin<\/i><\/p>\n<p>18 h &#8211; Messe \u00e0 Cr\u00e9cy pour Gaby et Pierre BEAUMONT, ainsi que pour Maurice MEUNIER.<\/p>\n<p><b>Vendredi 29 janvier<\/b><\/p>\n<p>9 h &#8211; Messe \u00e0 Cr\u00e9cy pour Enzo CARLI et Jean-Charles POTEL.<\/p><\/div>\n<p><\/font><\/td>\n<\/tr>\n<\/tbody>\n<\/table>\n<table bgcolor =\"F0F0F6\" border=0>\n<tbody>\n<tr>\n<td><font color=\"0020FF\"><\/p>\n<div align=\"center\"><b>Samedi 30 janvier<\/b><br \/>\n<i>Pas de messe<\/i>.<\/p>\n<p><b>Dimanche 31 janvier<\/b><br \/>\n<i>Sainte Fran\u00e7ois de Sales<\/i><\/p>\n<p>10 h 30 &#8211; <font color=\"FF0000\">A VOULANGIS, Messe de b\u00e9n\u00e9diction des vitraux.<\/font><br \/>\nElle sera c\u00e9l\u00e9br\u00e9e pour Antoinette et Alexandre GRIFFON.<br \/>\nMesse anniversaire pour Jean ROSIER.\n <\/div>\n<p><\/font><\/td>\n<td><font color=\"0020FF\"><\/p>\n<div align=\"center\"><img decoding=\"async\" src=\"\/IMG\/lieux\/voulangis_eglise9.jpg\"  width=250><\/div>\n<p><\/font><\/td>\n<\/tr>\n<\/tbody>\n<\/table>\n<\/div>\n","protected":false},"excerpt":{"rendered":"<p>Voici les annonces de la semaine du lundi 25 au dimanche 31 janvier 2016 pour la paroisse des 3 clochers Cr\u00e9cy-la-Chapelle, Villiers-sur-Morin, Voulangis. Dimanche 31 \u00e0\u00a0 10 h 30, messe \u00e0\u00a0 Voulangis. B\u00e9n\u00e9diction des&#46;&#46;&#46;<\/p>\n","protected":false},"author":2,"featured_media":0,"comment_status":"open","ping_status":"open","sticky":false,"template":"","format":"standard","meta":{"footnotes":""},"categories":[],"tags":[],"class_list":["post-959","post","type-post","status-publish","format-standard","hentry"],"_links":{"self":[{"href":"http:\/\/www.chapelle-crecy.com\/index.php?rest_route=\/wp\/v2\/posts\/959","targetHints":{"allow":["GET"]}}],"collection":[{"href":"http:\/\/www.chapelle-crecy.com\/index.php?rest_route=\/wp\/v2\/posts"}],"about":[{"href":"http:\/\/www.chapelle-crecy.com\/index.php?rest_route=\/wp\/v2\/types\/post"}],"author":[{"embeddable":true,"href":"http:\/\/www.chapelle-crecy.com\/index.php?rest_route=\/wp\/v2\/users\/2"}],"replies":[{"embeddable":true,"href":"http:\/\/www.chapelle-crecy.com\/index.php?rest_route=%2Fwp%2Fv2%2Fcomments&post=959"}],"version-history":[{"count":0,"href":"http:\/\/www.chapelle-crecy.com\/index.php?rest_route=\/wp\/v2\/posts\/959\/revisions"}],"wp:attachment":[{"href":"http:\/\/www.chapelle-crecy.com\/index.php?rest_route=%2Fwp%2Fv2%2Fmedia&parent=959"}],"wp:term":[{"taxonomy":"category","embeddable":true,"href":"http:\/\/www.chapelle-crecy.com\/index.php?rest_route=%2Fwp%2Fv2%2Fcategories&post=959"},{"taxonomy":"post_tag","embeddable":true,"href":"http:\/\/www.chapelle-crecy.com\/index.php?rest_route=%2Fwp%2Fv2%2Ftags&post=959"}],"curies":[{"name":"wp","href":"https:\/\/api.w.org\/{rel}","templated":true}]}}