{"id":960,"date":"2016-01-30T22:23:16","date_gmt":"2016-01-30T22:23:16","guid":{"rendered":""},"modified":"-0001-11-30T00:00:00","modified_gmt":"-0001-11-29T22:00:00","slug":"","status":"publish","type":"post","link":"http:\/\/www.chapelle-crecy.com\/?p=960","title":{"rendered":"Annonces du 1er au 7 f\u00e9vrier 2016"},"content":{"rendered":"<div align=\"justify\">Voici les annonces de la semaine du lundi 1er au dimanche 7 f\u00e9vrier 2016 pour la paroisse des 3 clochers Cr\u00e9cy-la-Chapelle, Villiers-sur-Morin, Voulangis. <\/p>\n<p>Samedi 6 \u00e0\u00a0 18 h 30, messe \u00e0\u00a0 Villiers,<br \/>\nDimanche 7 \u00e0\u00a0 10 h 30, messe \u00e0\u00a0 Cr\u00e9cy. <\/p>\n<p>Tous les d\u00e9tails dans la suite &#8230;\n<\/p><\/div>\n<div align=\"center\">\n<table bgcolor =\"F0F0F6\" border=0>\n<tbody>\n<td ><font color=\"0E0C40\"><\/p>\n<div align=\"center\"><b>Lundi 1er f\u00e9vrier<\/b><\/p>\n<p>\n14 h 30 &#8211; R\u00e9union de l&rsquo;Equipe du Rosaire chez Mme LOUIS.<br \/>\n17 h  C\u00e9l\u00e9bration \u00e0 la Maison de Retraite.<\/p>\n<p> <br \/>\n<b>Mardi 2 f\u00e9vrier<\/b><br \/>\n<i>Pr\u00e9sentation du Seigneur<\/i> <br \/>\n10 h 30 &#8211; A Cr\u00e9cy, obs\u00e8ques de Ren\u00e9e COURTAREL<br \/>\n18 h &#8211; Messe \u00e0 Cr\u00e9cy pour Pierre LOUIS et Lucien GORRET.<\/p>\n<\/div>\n<p><\/font><\/td>\n<td><font color=\"0E0C40\"><\/p>\n<div align=\"center\"><img decoding=\"async\" src=\"\/IMG\/lieux\/lourdes06.jpg\" width=300><br \/>\nPr\u00e9sentation du Seigneur (Lourdes)\n<\/div>\n<p><\/font><\/td>\n<\/tr>\n<\/tbody>\n<\/table>\n<table bgcolor =\"FFF6F0\" border=0>\n<tbody>\n<tr>\n<td><font color=\"00CC00\"><\/p>\n<div align=\"center\"><img decoding=\"async\" src=\"\/IMG\/personnes\/agathe.jpg\" width=300><br \/>\n<i>Sainte Agathe<\/i>\n<\/div>\n<p><\/font><\/td>\n<td><font color=\"00CC00\"><\/p>\n<div align=\"center\">\n <b>Mercredi 3 f\u00e9vrier<\/b><\/p>\n<p>10 h &#8211; Obs\u00e8ques \u00e0 Cr\u00e9cy de Patrick MENSAH.<\/p>\n<p><b>Jeudi 4 f\u00e9vrier<\/b><\/p>\n<p>18 h &#8211; Messe \u00e0 Cr\u00e9cy pour C\u00e9line  CHARLES et Pascal DUBUS.<\/p>\n<p><b>Vendredi 5 f\u00e9vrier<\/b><br \/>\n<i>Ste Agathe vierge et martyre<\/i> <br \/>\n9 h &#8211; Messe \u00e0 Cr\u00e9cy pour la famille THION-MUNIER , Georges PICARD et Maurice REVEL.<\/div>\n<p><\/font><\/td>\n<\/tr>\n<\/tbody>\n<\/table>\n<table bgcolor =\"F0F0F6\" border=0>\n<tbody>\n<tr>\n<td><font color=\"0020FF\"><\/p>\n<div align=\"center\"><b>Samedi 6 f\u00e9vrier<\/b><br \/>\n<i>Sts martyrs du Japon<\/i><br \/>\n18 h 30 &#8211; Messe \u00e0 Villiers pour Henri CORPECHOT, Claudine  AVANZINI et Jacques GOSSET.<\/p>\n<p><b>Dimanche 7 f\u00e9vrier<\/b><br \/>\n<i>Saint Fran\u00e7ois de Sales<\/i><\/p>\n<p>10 h 30 &#8211;  Messe \u00e0 Cr\u00e9cy pour Pierre BOURGET et Fran\u00e7ois de LAUBRIERE. Nous prierons aussi pour Ren\u00e9e COURTAREL et Patrick MENSAH inhum\u00e9s cette semaine.<\/p>\n<p>A la fin de la messe de ces samedi 6 et dimanche 7 : qu\u00eate sp\u00e9ciale pour l&rsquo;entretien des \u00e9glises et des presbyt\u00e8res du P\u00f4le de Meaux.<\/p>\n<p>Et mise en vente des tickets d&rsquo;inscription au repas de la Soir\u00e9e de l&rsquo;Amiti\u00e9.\n <\/p><\/div>\n<p><\/font><\/td>\n<td><font color=\"0020FF\"><\/p>\n<div align=\"center\"><img decoding=\"async\" src=\"\/IMG\/personnes\/francois_sales.jpg\"  width=300><br \/>\nSaint Fran\u00e7ois de Sales<\/div>\n<p><\/font><\/td>\n<\/tr>\n<\/tbody>\n<\/table>\n<\/div>\n","protected":false},"excerpt":{"rendered":"<p>Voici les annonces de la semaine du lundi 1er au dimanche 7 f\u00e9vrier 2016 pour la paroisse des 3 clochers Cr\u00e9cy-la-Chapelle, Villiers-sur-Morin, Voulangis. Samedi 6 \u00e0\u00a0 18 h 30, messe \u00e0\u00a0 Villiers, Dimanche 7&#46;&#46;&#46;<\/p>\n","protected":false},"author":2,"featured_media":0,"comment_status":"open","ping_status":"open","sticky":false,"template":"","format":"standard","meta":{"footnotes":""},"categories":[],"tags":[],"class_list":["post-960","post","type-post","status-publish","format-standard","hentry"],"_links":{"self":[{"href":"http:\/\/www.chapelle-crecy.com\/index.php?rest_route=\/wp\/v2\/posts\/960","targetHints":{"allow":["GET"]}}],"collection":[{"href":"http:\/\/www.chapelle-crecy.com\/index.php?rest_route=\/wp\/v2\/posts"}],"about":[{"href":"http:\/\/www.chapelle-crecy.com\/index.php?rest_route=\/wp\/v2\/types\/post"}],"author":[{"embeddable":true,"href":"http:\/\/www.chapelle-crecy.com\/index.php?rest_route=\/wp\/v2\/users\/2"}],"replies":[{"embeddable":true,"href":"http:\/\/www.chapelle-crecy.com\/index.php?rest_route=%2Fwp%2Fv2%2Fcomments&post=960"}],"version-history":[{"count":0,"href":"http:\/\/www.chapelle-crecy.com\/index.php?rest_route=\/wp\/v2\/posts\/960\/revisions"}],"wp:attachment":[{"href":"http:\/\/www.chapelle-crecy.com\/index.php?rest_route=%2Fwp%2Fv2%2Fmedia&parent=960"}],"wp:term":[{"taxonomy":"category","embeddable":true,"href":"http:\/\/www.chapelle-crecy.com\/index.php?rest_route=%2Fwp%2Fv2%2Fcategories&post=960"},{"taxonomy":"post_tag","embeddable":true,"href":"http:\/\/www.chapelle-crecy.com\/index.php?rest_route=%2Fwp%2Fv2%2Ftags&post=960"}],"curies":[{"name":"wp","href":"https:\/\/api.w.org\/{rel}","templated":true}]}}