{"id":961,"date":"2016-02-06T18:56:06","date_gmt":"2016-02-06T18:56:06","guid":{"rendered":""},"modified":"-0001-11-30T00:00:00","modified_gmt":"-0001-11-29T22:00:00","slug":"","status":"publish","type":"post","link":"http:\/\/www.chapelle-crecy.com\/?p=961","title":{"rendered":"Annonces du 8 au 14 f\u00e9vrier 2016"},"content":{"rendered":"<div align=\"justify\">Voici les annonces de la semaine du lundi 8 au dimanche 14 f\u00e9vrier 2016 pour la paroisse des 3 clochers Cr\u00e9cy-la-Chapelle, Villiers-sur-Morin, Voulangis. <\/p>\n<p>Samedi 13 \u00e0\u00a0 18 h 30, messe \u00e0\u00a0 Voulangis,<br \/>\nDimanche 14 \u00e0\u00a0 10 h 30, messe \u00e0\u00a0 Cr\u00e9cy. <\/p>\n<p>Tous les d\u00e9tails dans la suite &#8230;\n<\/p><\/div>\n<div align=\"center\">\n<table bgcolor =\"F0F0F6\" border=0>\n<tbody>\n<td ><font color=\"0E0C40\"><\/p>\n<div align=\"center\"><b>Lundi 8 f\u00e9vrier<\/b><\/p>\n<p>17 h  C\u00e9l\u00e9bration \u00e0 la Maison de Retraite.<\/p>\n<p> <br \/>\n<b>Mardi 9 f\u00e9vrier<\/b><\/p>\n<p>18 h &#8211; Messe \u00e0 Cr\u00e9cy pour Maria AZEVEDO et Juliette LACOMBE.<\/p>\n<p> <b>Mercredi 10 f\u00e9vrier<\/b><br \/>\n<i>Mercredi des Cendres<\/i> <\/p>\n<p>9 h  Messe \u00e0 Cr\u00e9cy avec imposition des Cendres, c\u00e9l\u00e9br\u00e9e pour Rose-Marie-DECOUTTERE  et Jacqueline LAHAYE.<\/p>\n<p>20 h 30  Messe \u00e0 Cr\u00e9cy avec imposition des Cendres, c\u00e9l\u00e9br\u00e9e pour Yvette VALLEE et Lionel TANGUY.\n<\/p><\/div>\n<p><\/font><\/td>\n<td><font color=\"0E0C40\"><\/p>\n<div align=\"center\"><img decoding=\"async\" src=\"\/IMG\/jpg\/cendres_symbole.jpg\" width=300><\/p>\n<\/div>\n<p><\/font><\/td>\n<\/tr>\n<\/tbody>\n<\/table>\n<table bgcolor =\"FFF6F0\" border=0>\n<tbody>\n<tr>\n<td><font color=\"00CC00\"><\/p>\n<div align=\"center\"><img decoding=\"async\" src=\"\/IMG\/lieux\/lourdes08.jpg\" width=300><\/p>\n<\/div>\n<p><\/font><\/td>\n<td><font color=\"00CC00\"><\/p>\n<div align=\"center\">\n<p><b>Jeudi 11 f\u00e9vrier<\/b><br \/>\n<i>Notre-Dame de Lourdes<\/i><\/p>\n<p>18 h &#8211; Messe \u00e0 Cr\u00e9cy pour Fernande JANVRIN, Marc VEILHAN et pour le P\u00e8re Louis GAUDIN.<\/p>\n<p><b>Vendredi 12 f\u00e9vrier<\/b><\/p>\n<p>9 h &#8211; A  Cr\u00e9cy, messe anniversaire pour Michel LEROUX.            Nous prierons aussi pour  Martine GRAVADE et Val\u00e9rie SCHULER.<\/p>\n<p>11 h &#8211; A cr\u00e9cy obs\u00e8ques de Denise LE GALL n\u00e9e Lebon.\n<\/p><\/div>\n<p><\/font><\/td>\n<\/tr>\n<\/tbody>\n<\/table>\n<table bgcolor =\"F0F0F6\" border=0>\n<tbody>\n<tr>\n<td><font color=\"0020FF\"><\/p>\n<div align=\"center\"><b>Samedi 13 f\u00e9vrier<\/b><br \/>\n<i>St Gilbert, \u00e9v\u00eaque de Meaux<\/i><br \/>\n18 h 30 &#8211; Messe \u00e0 Voulangis  pour  Maryvonne MATHONNET, H\u00e9l\u00e8ne MLINSKA et Georges PAQUET.<\/p>\n<p><b>Dimanche 14 f\u00e9vrier<\/b><br \/>\n<i>ler dimanche de Car\u00eame<br \/>\nMesse  avec participation des enfants<\/i><\/p>\n<p>10 h 30 &#8211;  Messe \u00e0 Cr\u00e9cy pour  Mich\u00e8le HAESE et Patrick FARAOULT.<\/p>\n<p>A la fin de la messe de ces samedi 6 et dimanche 7 : qu\u00eate sp\u00e9ciale pour l&rsquo;entretien des \u00e9glises et des presbyt\u00e8res du P\u00f4le de Meaux.<\/p>\n<p>Et mise en vente des tickets d&rsquo;inscription au repas de la Soir\u00e9e de l&rsquo;Amiti\u00e9.\n <\/p><\/div>\n<p><\/font><\/td>\n<td><font color=\"0020FF\"><\/p>\n<div align=\"center\"><img decoding=\"async\" src=\"\/IMG\/lieux\/stgeorges21.jpg\"  width=300><\/div>\n<p><\/font><\/td>\n<\/tr>\n<\/tbody>\n<\/table>\n<\/div>\n","protected":false},"excerpt":{"rendered":"<p>Voici les annonces de la semaine du lundi 8 au dimanche 14 f\u00e9vrier 2016 pour la paroisse des 3 clochers Cr\u00e9cy-la-Chapelle, Villiers-sur-Morin, Voulangis. Samedi 13 \u00e0\u00a0 18 h 30, messe \u00e0\u00a0 Voulangis, Dimanche 14&#46;&#46;&#46;<\/p>\n","protected":false},"author":2,"featured_media":0,"comment_status":"open","ping_status":"open","sticky":false,"template":"","format":"standard","meta":{"footnotes":""},"categories":[],"tags":[],"class_list":["post-961","post","type-post","status-publish","format-standard","hentry"],"_links":{"self":[{"href":"http:\/\/www.chapelle-crecy.com\/index.php?rest_route=\/wp\/v2\/posts\/961","targetHints":{"allow":["GET"]}}],"collection":[{"href":"http:\/\/www.chapelle-crecy.com\/index.php?rest_route=\/wp\/v2\/posts"}],"about":[{"href":"http:\/\/www.chapelle-crecy.com\/index.php?rest_route=\/wp\/v2\/types\/post"}],"author":[{"embeddable":true,"href":"http:\/\/www.chapelle-crecy.com\/index.php?rest_route=\/wp\/v2\/users\/2"}],"replies":[{"embeddable":true,"href":"http:\/\/www.chapelle-crecy.com\/index.php?rest_route=%2Fwp%2Fv2%2Fcomments&post=961"}],"version-history":[{"count":0,"href":"http:\/\/www.chapelle-crecy.com\/index.php?rest_route=\/wp\/v2\/posts\/961\/revisions"}],"wp:attachment":[{"href":"http:\/\/www.chapelle-crecy.com\/index.php?rest_route=%2Fwp%2Fv2%2Fmedia&parent=961"}],"wp:term":[{"taxonomy":"category","embeddable":true,"href":"http:\/\/www.chapelle-crecy.com\/index.php?rest_route=%2Fwp%2Fv2%2Fcategories&post=961"},{"taxonomy":"post_tag","embeddable":true,"href":"http:\/\/www.chapelle-crecy.com\/index.php?rest_route=%2Fwp%2Fv2%2Ftags&post=961"}],"curies":[{"name":"wp","href":"https:\/\/api.w.org\/{rel}","templated":true}]}}