{"id":962,"date":"2016-02-07T21:17:48","date_gmt":"2016-02-07T21:17:48","guid":{"rendered":""},"modified":"-0001-11-30T00:00:00","modified_gmt":"-0001-11-29T22:00:00","slug":"","status":"publish","type":"post","link":"http:\/\/www.chapelle-crecy.com\/?p=962","title":{"rendered":"B\u00e9n\u00e9diction des vitraux de Voulangis"},"content":{"rendered":"<div align=\"justify\">Dimanche 31 janvier \u00e0\u00a0 Voulangis, le P\u00e8re Thierry Leroy, cur\u00e9 du P\u00f4le missionnaire de Meaux est venu c\u00e9l\u00e9brer la messe de b\u00e9n\u00e9diction de la r\u00e9novation des vitraux de l&rsquo;\u00e9glise saint-Pierre de Voulangis. En septembre dernier, dans le cadre des Journ\u00e9es du Patrimoine, la mairie de Voulangis avait organis\u00e9 l&rsquo;inauguration de leur restauration, qui s&rsquo;\u00e9tait termin\u00e9e courant 2015. Cette fois-ci, c&rsquo;est au niveau spirituel que l&rsquo;assembl\u00e9e s&rsquo;est r\u00e9unie pour rendre gr ce \u00e0\u00a0 Dieu pour le travail accompli, pour les artisans qui ont oeuvr\u00e9, pour toutes les personnes ou institutions qui ont particip\u00e9 par leur appui financier ou logistique.<\/div>\n<div align=\"center\">\n<br \/> <br \/>\n<img decoding=\"async\" src=\"\/IMG\/messes\/voulangis_310116b.jpg\"><\/div>\n<p><\/p>\n<div align=\"justify\">Comme l&rsquo;a rappel\u00e9 en substance le P\u00e8re Leroy dans son hom\u00e9lie, les vitraux, en plus d&rsquo;\u00eatre un \u00e9l\u00e9ment d\u00e9coratif important de nos \u00e9glises et un support pour illustrer des sc\u00e8nes bibliques, sont de v\u00e9ritables passeurs de lumi\u00e8re, si symbolique pour les chr\u00e9tiens. Lumi\u00e8re du dehors qui vient inonder le jour l&rsquo;int\u00e9rieur des \u00e9glises comme une lumi\u00e8re c\u00e9leste qui s&rsquo;invite au coeur des c\u00e9l\u00e9brations, r\u00e9v\u00e9lant la pr\u00e9sence du Tr\u00e8s-Haut. Mais lumi\u00e8re aussi \u00e9clairant le monde ext\u00e9rieur, quand le soir venu, la lumi\u00e8re de l&rsquo;int\u00e9rieur de l&rsquo;\u00e9difice illumine la nuit, comme pour chasser les t\u00e9n\u00e8bres du monde et t\u00e9moigner de la joie du Christ, Lumi\u00e8re de Vie.<\/p>\n<div align=\"center\"><img decoding=\"async\" src=\"\/IMG\/messes\/voulangis_310116c.jpg\"><\/div>\n<p> <\/p>\n<div align=\"center\"><img decoding=\"async\" src=\"\/IMG\/messes\/voulangis_310116d.jpg\"><\/div>\n<p> <br \/>\nApr\u00e8s la r\u00e9novation des peintures et d\u00e9corations int\u00e9rieures de l&rsquo;\u00e9glise de Voulangis en 2013, celle des vitraux cl\u00f4t les \u00e9tapes successives de son embellissement. M\u00eame la croix de procession a retrouv\u00e9 ses dorures et un socle tout neuf, op\u00e9rations prises en charge par deux paroissiens voulangeois \u00e2\u20ac\u00a6 <\/p>\n<div align=\"center\"><img decoding=\"async\" src=\"\/IMG\/messes\/voulangis_310116h.jpg\"><\/div>\n<p>Un grand merci pour tous les \u00ab artisans \u00bb de la remise \u00e0 neuf de l&rsquo;\u00e9glise depuis ces derni\u00e8res ann\u00e9es. <\/p><\/div>\n<div align=\"center\"><img decoding=\"async\" src=\"\/IMG\/messes\/voulangis_310116e.jpg\"><\/div>\n<p><\/p>\n<div align=\"center\"><img decoding=\"async\" src=\"\/IMG\/messes\/voulangis_310116f.jpg\"><\/div>\n<p><\/p>\n<div align=\"center\"><img decoding=\"async\" src=\"\/IMG\/messes\/voulangis_310116g.jpg\"><\/div>\n","protected":false},"excerpt":{"rendered":"<p>Dimanche 31 janvier \u00e0\u00a0 Voulangis, le P\u00e8re Thierry Leroy, cur\u00e9 du P\u00f4le missionnaire de Meaux est venu c\u00e9l\u00e9brer la messe de b\u00e9n\u00e9diction de la r\u00e9novation des vitraux de l&rsquo;\u00e9glise saint-Pierre de Voulangis. En septembre&#46;&#46;&#46;<\/p>\n","protected":false},"author":2,"featured_media":0,"comment_status":"open","ping_status":"open","sticky":false,"template":"","format":"standard","meta":{"footnotes":""},"categories":[],"tags":[],"class_list":["post-962","post","type-post","status-publish","format-standard","hentry"],"_links":{"self":[{"href":"http:\/\/www.chapelle-crecy.com\/index.php?rest_route=\/wp\/v2\/posts\/962","targetHints":{"allow":["GET"]}}],"collection":[{"href":"http:\/\/www.chapelle-crecy.com\/index.php?rest_route=\/wp\/v2\/posts"}],"about":[{"href":"http:\/\/www.chapelle-crecy.com\/index.php?rest_route=\/wp\/v2\/types\/post"}],"author":[{"embeddable":true,"href":"http:\/\/www.chapelle-crecy.com\/index.php?rest_route=\/wp\/v2\/users\/2"}],"replies":[{"embeddable":true,"href":"http:\/\/www.chapelle-crecy.com\/index.php?rest_route=%2Fwp%2Fv2%2Fcomments&post=962"}],"version-history":[{"count":0,"href":"http:\/\/www.chapelle-crecy.com\/index.php?rest_route=\/wp\/v2\/posts\/962\/revisions"}],"wp:attachment":[{"href":"http:\/\/www.chapelle-crecy.com\/index.php?rest_route=%2Fwp%2Fv2%2Fmedia&parent=962"}],"wp:term":[{"taxonomy":"category","embeddable":true,"href":"http:\/\/www.chapelle-crecy.com\/index.php?rest_route=%2Fwp%2Fv2%2Fcategories&post=962"},{"taxonomy":"post_tag","embeddable":true,"href":"http:\/\/www.chapelle-crecy.com\/index.php?rest_route=%2Fwp%2Fv2%2Ftags&post=962"}],"curies":[{"name":"wp","href":"https:\/\/api.w.org\/{rel}","templated":true}]}}