{"id":965,"date":"2016-02-20T20:29:23","date_gmt":"2016-02-20T20:29:23","guid":{"rendered":""},"modified":"-0001-11-30T00:00:00","modified_gmt":"-0001-11-29T22:00:00","slug":"","status":"publish","type":"post","link":"http:\/\/www.chapelle-crecy.com\/?p=965","title":{"rendered":"Annonces du 22 au 28 f\u00e9vrier 2016"},"content":{"rendered":"<div align=\"justify\">Voici les annonces de la semaine du lundi 22 au dimanche 28 f\u00e9vrier 2016 pour la paroisse des 3 clochers Cr\u00e9cy-la-Chapelle, Villiers-sur-Morin, Voulangis. <\/p>\n<p>Samedi 27 \u00e0\u00a0 18 h 30, messe \u00e0\u00a0 Voulangis,<br \/>\nDimanche 28 \u00e0\u00a0 10 h 30, messe \u00e0\u00a0 Cr\u00e9cy. <\/p>\n<p>Tous les d\u00e9tails dans la suite &#8230;\n<\/p><\/div>\n<div align=\"center\">\n<table bgcolor =\"F0F0F6\" border=0>\n<tbody>\n<td ><font color=\"0E0C40\"><\/p>\n<div align=\"center\"><b>Lundi 22 f\u00e9vrier<\/b><br \/> <br \/>\n<i>Sainte Isabelle<\/i><br \/> <br \/>\n17 h  C\u00e9l\u00e9bration \u00e0 la Maison de Retraite.<\/p>\n<p> <br \/>\n<b>Mardi 23 f\u00e9vrier<\/b><\/p>\n<p>18 h &#8211; Messe \u00e0 Cr\u00e9cy pour Jacqueline BLEZY et Jeannine MANBRUN.<\/p>\n<p> <b>Mercredi 24 f\u00e9vrier<\/b><br \/>\n9 h  Messe \u00e0 Cr\u00e9cy pour Christian CORNEAU et Jean MARTINAND.\n<\/div>\n<p><\/font><\/td>\n<td><font color=\"0E0C40\"><\/p>\n<div align=\"center\"><img decoding=\"async\" src=\"\/IMG\/personnes\/isabelle.jpg\" width=250><br \/>\n<i>Sainte Isabelle<\/i>\n<\/div>\n<p><\/font><\/td>\n<\/tr>\n<\/tbody>\n<\/table>\n<table bgcolor =\"FFF6F0\" border=0>\n<tbody>\n<tr>\n<td><font color=\"00CC00\"><\/p>\n<div align=\"center\"><img decoding=\"async\" src=\"\/IMG\/personnes\/nestor.jpg\" width=300><br \/>\n<i>Saint Nestor<\/i>\n<\/div>\n<p><\/font><\/td>\n<td><font color=\"00CC00\"><\/p>\n<div align=\"center\">\n<p><b>Jeudi 25 f\u00e9vrier<\/b><\/p>\n<p> <br \/>\n18 h &#8211; Messe \u00e0 Cr\u00e9cy pour Raymonde LEROUX et Andr\u00e9 RENAULT.<\/p>\n<p><b>Vendredi 26 f\u00e9vrier<\/b><br \/>\n <i>Saint Nestor<\/i><\/p>\n<p>9 h &#8211; Messe \u00e0 Cr\u00e9cy pour Pierre LOUIS et  Lucien GORRET.<\/p>\n<\/div>\n<p><\/font><\/td>\n<\/tr>\n<\/tbody>\n<\/table>\n<table bgcolor =\"F0F0F6\" border=0>\n<tbody>\n<tr>\n<td><font color=\"0020FF\"><\/p>\n<div align=\"center\"><b>Samedi 27 f\u00e9vrier<\/b><\/p>\n<p>18 h 30 &#8211; Messe \u00e0 Voulangis   pour  Lucette BRASILLIER, Janine DELAVENA et Jean-Charles POTEL.<br \/>\nQu\u00eate pour l&rsquo;Hospitalit\u00e9 de Lourdes.<\/p>\n<p><b>Dimanche 28 f\u00e9vrier<\/b><br \/>\n<i>3\u00e8me dimanche de Car\u00eame<\/i><\/p>\n<p>10 h 30 &#8211; Messe \u00e0 Cr\u00e9cy pour Olivier LANDRIEUX  et Claudie SIMON &#8211; 2e \u00e9tape de Bapt\u00eame de Sabrya et Johanne.<\/p>\n<p>Et mise en vente des tickets d&rsquo;inscription au repas de la Soir\u00e9e de l&rsquo;Amiti\u00e9.\n <\/p><\/div>\n<p><\/font><\/td>\n<td><font color=\"0020FF\"><\/p>\n<div align=\"center\"><img decoding=\"async\" src=\"\/IMG\/lieux\/stgeorges17.jpg\"  width=250><\/div>\n<p><\/font><\/td>\n<\/tr>\n<\/tbody>\n<\/table>\n<\/div>\n","protected":false},"excerpt":{"rendered":"<p>Voici les annonces de la semaine du lundi 22 au dimanche 28 f\u00e9vrier 2016 pour la paroisse des 3 clochers Cr\u00e9cy-la-Chapelle, Villiers-sur-Morin, Voulangis. Samedi 27 \u00e0\u00a0 18 h 30, messe \u00e0\u00a0 Voulangis, Dimanche 28&#46;&#46;&#46;<\/p>\n","protected":false},"author":2,"featured_media":0,"comment_status":"open","ping_status":"open","sticky":false,"template":"","format":"standard","meta":{"footnotes":""},"categories":[],"tags":[],"class_list":["post-965","post","type-post","status-publish","format-standard","hentry"],"_links":{"self":[{"href":"http:\/\/www.chapelle-crecy.com\/index.php?rest_route=\/wp\/v2\/posts\/965","targetHints":{"allow":["GET"]}}],"collection":[{"href":"http:\/\/www.chapelle-crecy.com\/index.php?rest_route=\/wp\/v2\/posts"}],"about":[{"href":"http:\/\/www.chapelle-crecy.com\/index.php?rest_route=\/wp\/v2\/types\/post"}],"author":[{"embeddable":true,"href":"http:\/\/www.chapelle-crecy.com\/index.php?rest_route=\/wp\/v2\/users\/2"}],"replies":[{"embeddable":true,"href":"http:\/\/www.chapelle-crecy.com\/index.php?rest_route=%2Fwp%2Fv2%2Fcomments&post=965"}],"version-history":[{"count":0,"href":"http:\/\/www.chapelle-crecy.com\/index.php?rest_route=\/wp\/v2\/posts\/965\/revisions"}],"wp:attachment":[{"href":"http:\/\/www.chapelle-crecy.com\/index.php?rest_route=%2Fwp%2Fv2%2Fmedia&parent=965"}],"wp:term":[{"taxonomy":"category","embeddable":true,"href":"http:\/\/www.chapelle-crecy.com\/index.php?rest_route=%2Fwp%2Fv2%2Fcategories&post=965"},{"taxonomy":"post_tag","embeddable":true,"href":"http:\/\/www.chapelle-crecy.com\/index.php?rest_route=%2Fwp%2Fv2%2Ftags&post=965"}],"curies":[{"name":"wp","href":"https:\/\/api.w.org\/{rel}","templated":true}]}}