{"id":966,"date":"2016-02-22T20:11:43","date_gmt":"2016-02-22T20:11:43","guid":{"rendered":""},"modified":"-0001-11-30T00:00:00","modified_gmt":"-0001-11-29T22:00:00","slug":"","status":"publish","type":"post","link":"http:\/\/www.chapelle-crecy.com\/?p=966","title":{"rendered":"F\u00eate de la Sainte Genevi\u00e8ve en Gendarmerie"},"content":{"rendered":"<div align=\"justify\">Revivez ou d\u00e9couvrez en photos la messe de la F\u00eate de Sainte Genevi\u00e8ve en Gendarmerie en l&rsquo;\u00e9glise Saint-Georges de Cr\u00e9cy, c\u00e9l\u00e9br\u00e9e pour tous les gendarmes de la Compagnie de Coulommiers le vendredi 19 f\u00e9vrier \u00e0\u00a0 17h, sous la protection de la Patronne de la Gendarmerie. Le P\u00e8re Aim\u00e9 Hounzandji et le P\u00e8re Olivier de Vasselot, cur\u00e9 in solidum de Coulommiers, ont c\u00e9l\u00e9br\u00e9 cette messe dont l&rsquo;\u00e9motion et la communion fraternelle ont touch\u00e9 la pleine assembl\u00e9e. M\u00e9ditons la pri\u00e8re des Gendarmes, lue \u00e0\u00a0 la fin de la messe, exhortation de l&rsquo;engagement des Gendarmes dans leur mission de s\u00e9curit\u00e9 et de paix.<\/div>\n<div align=\"center\"><img decoding=\"async\" src=\"\/IMG\/messes\/messe_gendarme01.JPG\" height=500><br \/>\n<img decoding=\"async\" src=\"\/IMG\/messes\/messe_gendarme02.JPG\" height=500><\/div>\n<div align=\"justify\">\nPri\u00e8re du gendarme<\/p>\n<p>Dieu d&rsquo;Amour, de Justice et de Paix,<br \/>\nentends la pri\u00e8re que j&rsquo;\u00e9l\u00e8ve vers toi:<br \/>\nje suis Gendarme, et j&rsquo;ai foi en Toi.<br \/>\nIl me faut \u00eatre fort, aide-moi \u00e0 rester juste et paisible<br \/>\ndans l&rsquo;accomplissement de mes missions.<br \/>\nJe dois \u00eatre vigilant face aux hommes qui peuvent devenir malfaiteurs, violents, criminels. <br \/>\nDonne-moi la sagesse n\u00e9cessaire pour garder la ma \u00eetrise de ma force<br \/>\n\u00e0 l&rsquo;encontre du mal, <br \/>\ntout en discernant en chacun la pr\u00e9sence de Ton image.<br \/>\nEt si je dois armer mon bras pour faire respecter la loi, <br \/>\ngarde mon \u00e2me dans la s\u00e9r\u00e9nit\u00e9, Seigneur.<br \/>\nCar c&rsquo;est mon devoir, d&rsquo;assurer la Paix, <br \/>\nl&rsquo;ordre et la s\u00e9curit\u00e9, de sauver des vies menac\u00e9es,<br \/> <br \/>\ncelles des autres ou la mienne. Ouvre alors, Seigneur, <br \/>\nles esprits et les coeurs \u00e0 la compr\u00e9hension de mon service exigeant :<br \/>\n\u00e0 ceux de mon conjoint et de mes enfants,<br \/>\n\u00e0 ceux de mes amis et de mes compatriotes et<br \/>\n\u00e0 ceux-l\u00e0 m\u00eame de mes adversaires. <br \/>\nEt s&rsquo;il me faut aller jusqu&rsquo;au sacrifice de ma fiert\u00e9, de mon bien-\u00eatre, de ma vie,<br \/>\ndonne-moi une confiance profonde en Toi, Seigneur.<\/p>\n<p>Par l&rsquo;intercession de Sainte Genevi\u00e8ve, \u00f4 Dieu, Trois fois Saint je t&rsquo;en supplie :<br \/>\nsoutiens mon service, ranime mon courage et fortifie ma foi.<br \/>\nAmen\n<\/div>\n<div align=\"center\"><img decoding=\"async\" src=\"\/IMG\/messes\/messe_gendarme03.JPG\"><\/div>\n<div align=\"center\"><img decoding=\"async\" src=\"\/IMG\/messes\/messe_gendarme04.JPG\"><\/div>\n<div align=\"center\"><img decoding=\"async\" src=\"\/IMG\/messes\/messe_gendarme05.JPG\"><\/div>\n<div align=\"center\"><img decoding=\"async\" src=\"\/IMG\/messes\/messe_gendarme06.JPG\"><\/div>\n<div align=\"center\"><img decoding=\"async\" src=\"\/IMG\/messes\/messe_gendarme07.JPG\"><\/div>\n<div align=\"center\"><img decoding=\"async\" src=\"\/IMG\/messes\/messe_gendarme08.JPG\"><\/div>\n<div align=\"center\"><img decoding=\"async\" src=\"\/IMG\/messes\/messe_gendarme09.JPG\"><\/div>\n<div align=\"center\"><img decoding=\"async\" src=\"\/IMG\/messes\/messe_gendarme11.JPG\"><\/div>\n<div align=\"center\"><img decoding=\"async\" src=\"\/IMG\/messes\/messe_gendarme12.JPG\"><\/div>\n","protected":false},"excerpt":{"rendered":"<p>Revivez ou d\u00e9couvrez en photos la messe de la F\u00eate de Sainte Genevi\u00e8ve en Gendarmerie en l&rsquo;\u00e9glise Saint-Georges de Cr\u00e9cy, c\u00e9l\u00e9br\u00e9e pour tous les gendarmes de la Compagnie de Coulommiers le vendredi 19 f\u00e9vrier&#46;&#46;&#46;<\/p>\n","protected":false},"author":2,"featured_media":0,"comment_status":"open","ping_status":"open","sticky":false,"template":"","format":"standard","meta":{"footnotes":""},"categories":[],"tags":[],"class_list":["post-966","post","type-post","status-publish","format-standard","hentry"],"_links":{"self":[{"href":"http:\/\/www.chapelle-crecy.com\/index.php?rest_route=\/wp\/v2\/posts\/966","targetHints":{"allow":["GET"]}}],"collection":[{"href":"http:\/\/www.chapelle-crecy.com\/index.php?rest_route=\/wp\/v2\/posts"}],"about":[{"href":"http:\/\/www.chapelle-crecy.com\/index.php?rest_route=\/wp\/v2\/types\/post"}],"author":[{"embeddable":true,"href":"http:\/\/www.chapelle-crecy.com\/index.php?rest_route=\/wp\/v2\/users\/2"}],"replies":[{"embeddable":true,"href":"http:\/\/www.chapelle-crecy.com\/index.php?rest_route=%2Fwp%2Fv2%2Fcomments&post=966"}],"version-history":[{"count":0,"href":"http:\/\/www.chapelle-crecy.com\/index.php?rest_route=\/wp\/v2\/posts\/966\/revisions"}],"wp:attachment":[{"href":"http:\/\/www.chapelle-crecy.com\/index.php?rest_route=%2Fwp%2Fv2%2Fmedia&parent=966"}],"wp:term":[{"taxonomy":"category","embeddable":true,"href":"http:\/\/www.chapelle-crecy.com\/index.php?rest_route=%2Fwp%2Fv2%2Fcategories&post=966"},{"taxonomy":"post_tag","embeddable":true,"href":"http:\/\/www.chapelle-crecy.com\/index.php?rest_route=%2Fwp%2Fv2%2Ftags&post=966"}],"curies":[{"name":"wp","href":"https:\/\/api.w.org\/{rel}","templated":true}]}}