{"id":967,"date":"2016-02-27T13:07:07","date_gmt":"2016-02-27T13:07:07","guid":{"rendered":""},"modified":"-0001-11-30T00:00:00","modified_gmt":"-0001-11-29T22:00:00","slug":"","status":"publish","type":"post","link":"http:\/\/www.chapelle-crecy.com\/?p=967","title":{"rendered":"Annonces du 29 f\u00e9vrier au 6 mars 2016"},"content":{"rendered":"<div align=\"justify\">Voici les annonces de la semaine du lundi 29 f\u00e9vrier au dimanche 6 mars 2016 pour la paroisse des 3 clochers Cr\u00e9cy-la-Chapelle, Villiers-sur-Morin, Voulangis. <\/p>\n<p>Samedi 5 \u00e0\u00a0 18 h 30, messe \u00e0\u00a0 Villiers,<br \/>\nDimanche 6 \u00e0\u00a0 10 h 30, messe \u00e0\u00a0 Cr\u00e9cy. <\/p>\n<p>Tous les d\u00e9tails dans la suite &#8230;\n<\/p><\/div>\n<div align=\"center\">\n<table bgcolor =\"F0F0F6\" border=0>\n<tbody>\n<td ><font color=\"0E0C40\"><\/p>\n<div align=\"center\"><b>Lundi 29 f\u00e9vrier<\/b><\/p>\n<p>17 h  Messe \u00e0 la Maison de Retraite.<\/p>\n<p> <br \/>\n<b>Mardi 1er mars<\/b><\/p>\n<p>9 h &#8211; Messe \u00e0 Cr\u00e9cy pour  Claudine GROSJEAN et Jean PANHARD.<\/p>\n<p> <b>Mercredi 2 mars<\/b><br \/>\n18 h  Messe \u00e0 Cr\u00e9cy pour Gilbert BERLINGUEZ et Henri NARET.\n<\/div>\n<p><\/font><\/td>\n<td><font color=\"0E0C40\"><\/p>\n<div align=\"center\"><img decoding=\"async\" src=\"\/IMG\/jpg\/MR_Crecy_2.jpg\" width=250>\n<\/div>\n<p><\/font><\/td>\n<\/tr>\n<\/tbody>\n<\/table>\n<table bgcolor =\"FFF6F0\" border=0>\n<tbody>\n<tr>\n<td><font color=\"00CC00\"><\/p>\n<div align=\"center\"><img decoding=\"async\" src=\"\/IMG\/personnes\/guenole.jpg\" width=300><br \/>\n<i>Saint Gu\u00e9nol\u00e9<\/i>\n<\/div>\n<p><\/font><\/td>\n<td><font color=\"00CC00\"><\/p>\n<div align=\"center\">\n<p><b>Jeudi 3 mars<\/b><br \/>\n<i>Saint Gu\u00e9nol\u00e9<\/i><\/p>\n<p>18 h &#8211; Messe \u00e0 Cr\u00e9cy pour Mich\u00e8le BOUSQUET et Georges PICARD .<\/p>\n<p><b>Vendredi 4 mars<\/b><\/p>\n<p>\n9 h  &#8211; Messe \u00e0 Cr\u00e9cy pour C\u00e9line CHARLES. C&rsquo;est \u00e9galement une messe d&rsquo;action de gr\u00e2ces.<br \/>\n9 h 30 : Temps d&rsquo;Adoration du Saint Sacrement \u00e0 la chapelle de la Vierge.\n<\/div>\n<p><\/font><\/td>\n<\/tr>\n<\/tbody>\n<\/table>\n<table bgcolor =\"F0F0F6\" border=0>\n<tbody>\n<tr>\n<td><font color=\"0020FF\"><\/p>\n<div align=\"center\"><b>Samedi 5 mars<\/b><\/p>\n<p>18 h 30 &#8211; Messe \u00e0 Villiers pour Marc CALONNE et Henri CORPECHOT.<\/p>\n<p><b>Dimanche 6 mars<\/b><br \/>\n<i>4\u00e8me dimanche de Car\u00eame<\/i><\/p>\n<p>10 h 30 &#8211; Messe \u00e0 Cr\u00e9cy pour Philippe CABARET et  Roger DUFAUX.<br \/>\n2\u00e8me scrutin  de cat\u00e9chum\u00e9nat pour Sabrya NAVAS.<\/p>\n<p>Et mise en vente des tickets d&rsquo;inscription au repas de la Soir\u00e9e de l&rsquo;Amiti\u00e9.<\/p>\n<p>samedi 5 et dimanche 6 : QUETE  SPECIALE POUR L&rsquo;HOSPITALITE DE LOURDES.\n <\/p><\/div>\n<p><\/font><\/td>\n<td><font color=\"0020FF\"><\/p>\n<div align=\"center\"><img decoding=\"async\" src=\"\/IMG\/lieux\/stgeorges19.jpg\"  width=250><\/div>\n<p><\/font><\/td>\n<\/tr>\n<\/tbody>\n<\/table>\n<\/div>\n","protected":false},"excerpt":{"rendered":"<p>Voici les annonces de la semaine du lundi 29 f\u00e9vrier au dimanche 6 mars 2016 pour la paroisse des 3 clochers Cr\u00e9cy-la-Chapelle, Villiers-sur-Morin, Voulangis. Samedi 5 \u00e0\u00a0 18 h 30, messe \u00e0\u00a0 Villiers, Dimanche&#46;&#46;&#46;<\/p>\n","protected":false},"author":2,"featured_media":0,"comment_status":"open","ping_status":"open","sticky":false,"template":"","format":"standard","meta":{"footnotes":""},"categories":[],"tags":[],"class_list":["post-967","post","type-post","status-publish","format-standard","hentry"],"_links":{"self":[{"href":"http:\/\/www.chapelle-crecy.com\/index.php?rest_route=\/wp\/v2\/posts\/967","targetHints":{"allow":["GET"]}}],"collection":[{"href":"http:\/\/www.chapelle-crecy.com\/index.php?rest_route=\/wp\/v2\/posts"}],"about":[{"href":"http:\/\/www.chapelle-crecy.com\/index.php?rest_route=\/wp\/v2\/types\/post"}],"author":[{"embeddable":true,"href":"http:\/\/www.chapelle-crecy.com\/index.php?rest_route=\/wp\/v2\/users\/2"}],"replies":[{"embeddable":true,"href":"http:\/\/www.chapelle-crecy.com\/index.php?rest_route=%2Fwp%2Fv2%2Fcomments&post=967"}],"version-history":[{"count":0,"href":"http:\/\/www.chapelle-crecy.com\/index.php?rest_route=\/wp\/v2\/posts\/967\/revisions"}],"wp:attachment":[{"href":"http:\/\/www.chapelle-crecy.com\/index.php?rest_route=%2Fwp%2Fv2%2Fmedia&parent=967"}],"wp:term":[{"taxonomy":"category","embeddable":true,"href":"http:\/\/www.chapelle-crecy.com\/index.php?rest_route=%2Fwp%2Fv2%2Fcategories&post=967"},{"taxonomy":"post_tag","embeddable":true,"href":"http:\/\/www.chapelle-crecy.com\/index.php?rest_route=%2Fwp%2Fv2%2Ftags&post=967"}],"curies":[{"name":"wp","href":"https:\/\/api.w.org\/{rel}","templated":true}]}}