{"id":968,"date":"2016-03-05T20:37:15","date_gmt":"2016-03-05T20:37:15","guid":{"rendered":""},"modified":"-0001-11-30T00:00:00","modified_gmt":"-0001-11-29T22:00:00","slug":"","status":"publish","type":"post","link":"http:\/\/www.chapelle-crecy.com\/?p=968","title":{"rendered":"Annonces du 7 au 13 mars 2016"},"content":{"rendered":"<div align=\"justify\">Voici les annonces de la semaine du lundi 7 au dimanche 13 mars 2016 pour la paroisse des 3 clochers Cr\u00e9cy-la-Chapelle, Villiers-sur-Morin, Voulangis. <\/p>\n<p>Samedi 12 \u00e0\u00a0 18 h 30, messe \u00e0\u00a0 Voulangis,<br \/>\nDimanche 13 \u00e0\u00a0 10 h 30, messe \u00e0\u00a0 Cr\u00e9cy. <\/p>\n<p>Tous les d\u00e9tails dans la suite &#8230;\n<\/p><\/div>\n<div align=\"center\">\n<table bgcolor =\"F0F0F6\" border=0>\n<tbody>\n<td ><font color=\"0E0C40\"><\/p>\n<div align=\"center\"><b>Lundi 7 mars<\/b><br \/>\n<i>Stes Perp\u00e9tue et F\u00e9licit\u00e9 <\/i><br \/> <br \/>\n<i>Saint Thomas d&rsquo;Aquin<\/i><\/p>\n<p>14 h 30  R\u00e9union de l&rsquo;Equipe du Rosaire chez Madame LOUIS<br \/>\n17 h  C\u00e9l\u00e9bration \u00e0 la Maison de Retraite.<br \/>\n20 h 30  R\u00e9union de l&rsquo;Equipe  d&rsquo;Animation Pastorale<\/p>\n<p><b>Mardi 8 mars<\/b><br \/>\n<i>St Jean de Dieu<\/i><\/p>\n<p>18 h &#8211; Messe \u00e0 Cr\u00e9cy pour Yvette VALLEE et Pascal DUBUS.<br \/>\n20 h 30   \u00e0 l&rsquo;\u00e9glise St Georges : Conf\u00e9rence de Car\u00eame avec le P\u00e8re Alain RATTI : \u00ab Chr\u00e9tien face \u00e0 la souffrance \u00bb<\/p>\n<p> <b>Mercredi 9 mars<\/b><br \/>\n<i>Ste Fran\u00e7oise Romaine<\/i><br \/>\n9  h  Messe \u00e0 Cr\u00e9cy  pour Rose-Marie DECOUTTERE, Lucienne BLAVIER et Enzo CARLI.\n<\/div>\n<p><\/font><\/td>\n<td><font color=\"0E0C40\"><\/p>\n<div align=\"center\"><img decoding=\"async\" src=\"\/IMG\/personnes\/thomas_daquin.jpg\" width=250><br \/>\n<i>Saint Thomas d&rsquo;Aquin<\/i>\n<\/div>\n<p><\/font><\/td>\n<\/tr>\n<\/tbody>\n<\/table>\n<table bgcolor =\"FFF6F0\" border=0>\n<tbody>\n<tr>\n<td><font color=\"00CC00\"><\/p>\n<div align=\"center\"><img decoding=\"async\" src=\"\/IMG\/personnes\/rosine.jpg\" width=250><br \/>\n<i>Sainte Rosine<\/i>\n<\/div>\n<p><\/font><\/td>\n<td><font color=\"00CC00\"><\/p>\n<div align=\"center\">\n<p><b>Jeudi 10 mars<\/b><\/p>\n<p> <br \/>\n18 h &#8211; Messe \u00e0 Cr\u00e9cy pour Martine GRAVADE, H\u00e9l\u00e8ne MLINSKA et Val\u00e9rie  SCHULER.<\/p>\n<p><b>Vendredi 11 mars<\/b><br \/>\n<i>Sainte Rosine<\/i><\/p>\n<p>9 h &#8211; Messe \u00e0 Cr\u00e9cy pour Pierre LOUIS et Lucien GORRE.<\/p>\n<p>10 h 30 &#8211; A Voulangis, obs\u00e8ques de Jeannine KUNTZ n\u00e9e MOTREFF-FEDELLE\n<\/p><\/div>\n<p><\/font><\/td>\n<\/tr>\n<\/tbody>\n<\/table>\n<table bgcolor =\"F0F0F6\" border=0>\n<tbody>\n<tr>\n<td><font color=\"0020FF\"><\/p>\n<div align=\"center\"><b>Samedi 12 mars<\/b><br \/>\nJourn\u00e9e du Pardon \u00e0 Meaux (Eglise St Jean Bosco)<\/p>\n<p>18 h 30 &#8211; Messe \u00e0  Voulangis  pour  Jean ROSIER et Claude PAVEAU.<br \/>\nA l&rsquo;issue de la Messe de ce soir : REPAS DE L&rsquo;AMITIE \u00e0 la salle Altmann, \u00e0 Cr\u00e9cy.<\/p>\n<p><b>Dimanche 13 mars<\/b><br \/>\n<i>5\u00e8me dimanche de Car\u00eame<\/i><\/p>\n<p>10 h 30 &#8211; Messe \u00e0 Cr\u00e9cy pour  Maryvonne MATHONNET, Fran\u00e7ois de LAUBRIERE, et  Lionel TANGUY.<br \/>\n3\u00e8me scrutin de Cat\u00e9chum\u00e9nat de Sabrya NAVAS et Corentine Creuzart.<\/p>\n<p>Ces  samedi 12  et dimanche 13 : QUETE  SPECIALE  POUR  LE  C .C.F.D.\n <\/p><\/div>\n<p><\/font><\/td>\n<td><font color=\"0020FF\"><\/p>\n<div align=\"center\"><img decoding=\"async\" src=\"\/IMG\/lieux\/stgeorges17.jpg\"  width=250><\/div>\n<p><\/font><\/td>\n<\/tr>\n<\/tbody>\n<\/table>\n<\/div>\n","protected":false},"excerpt":{"rendered":"<p>Voici les annonces de la semaine du lundi 7 au dimanche 13 mars 2016 pour la paroisse des 3 clochers Cr\u00e9cy-la-Chapelle, Villiers-sur-Morin, Voulangis. Samedi 12 \u00e0\u00a0 18 h 30, messe \u00e0\u00a0 Voulangis, Dimanche 13&#46;&#46;&#46;<\/p>\n","protected":false},"author":2,"featured_media":0,"comment_status":"open","ping_status":"open","sticky":false,"template":"","format":"standard","meta":{"footnotes":""},"categories":[],"tags":[],"class_list":["post-968","post","type-post","status-publish","format-standard","hentry"],"_links":{"self":[{"href":"http:\/\/www.chapelle-crecy.com\/index.php?rest_route=\/wp\/v2\/posts\/968","targetHints":{"allow":["GET"]}}],"collection":[{"href":"http:\/\/www.chapelle-crecy.com\/index.php?rest_route=\/wp\/v2\/posts"}],"about":[{"href":"http:\/\/www.chapelle-crecy.com\/index.php?rest_route=\/wp\/v2\/types\/post"}],"author":[{"embeddable":true,"href":"http:\/\/www.chapelle-crecy.com\/index.php?rest_route=\/wp\/v2\/users\/2"}],"replies":[{"embeddable":true,"href":"http:\/\/www.chapelle-crecy.com\/index.php?rest_route=%2Fwp%2Fv2%2Fcomments&post=968"}],"version-history":[{"count":0,"href":"http:\/\/www.chapelle-crecy.com\/index.php?rest_route=\/wp\/v2\/posts\/968\/revisions"}],"wp:attachment":[{"href":"http:\/\/www.chapelle-crecy.com\/index.php?rest_route=%2Fwp%2Fv2%2Fmedia&parent=968"}],"wp:term":[{"taxonomy":"category","embeddable":true,"href":"http:\/\/www.chapelle-crecy.com\/index.php?rest_route=%2Fwp%2Fv2%2Fcategories&post=968"},{"taxonomy":"post_tag","embeddable":true,"href":"http:\/\/www.chapelle-crecy.com\/index.php?rest_route=%2Fwp%2Fv2%2Ftags&post=968"}],"curies":[{"name":"wp","href":"https:\/\/api.w.org\/{rel}","templated":true}]}}