{"id":969,"date":"2016-03-13T17:07:37","date_gmt":"2016-03-13T17:07:37","guid":{"rendered":""},"modified":"-0001-11-30T00:00:00","modified_gmt":"-0001-11-29T22:00:00","slug":"","status":"publish","type":"post","link":"http:\/\/www.chapelle-crecy.com\/?p=969","title":{"rendered":"Annonces du 14 au 20 mars 2016"},"content":{"rendered":"<div align=\"justify\">Voici les annonces de la semaine du lundi 14 au dimanche 20 mars 2016 pour la paroisse des 3 clochers Cr\u00e9cy-la-Chapelle, Villiers-sur-Morin, Voulangis. <\/p>\n<p>Samedi 19 \u00e0\u00a0 18 h 15, messe \u00e0\u00a0 Villiers,<br \/>\nDimanche 20 \u00e0\u00a0 10 h 30, messe \u00e0\u00a0 Cr\u00e9cy. <\/p>\n<p>Tous les d\u00e9tails dans la suite &#8230;\n<\/p><\/div>\n<div align=\"center\">\n<table bgcolor =\"F0F0F6\" border=0>\n<tbody>\n<td ><font color=\"0E0C40\"><\/p>\n<div align=\"center\"><b>Lundi 14 mars<\/b><\/p>\n<p>17 h  Messe \u00e0 la Maison de Retraite.<\/p>\n<p><b>Mardi 15 mars<\/b><br \/>\n<i>Ste Louise de MARILLAC<\/i><\/p>\n<p>18 h &#8211; Messe \u00e0 Cr\u00e9cy pour  Genevi\u00e8ve FONTERAY et Patrick FARAOULT.<\/p>\n<p> <br \/>\n <b>Mercredi 16 mars<\/b><br \/>\n9  h  Messe \u00e0 Cr\u00e9cy pour Jacqueline MULET, Michel DEDIEU et Pierre BOURGET.\n<\/div>\n<p><\/font><\/td>\n<td><font color=\"0E0C40\"><\/p>\n<div align=\"center\"><img decoding=\"async\" src=\"\/IMG\/personnes\/louise_de_marillac.jpg\" width=250><br \/>\n<i>Ste Louise de MARILLAC<\/i>\n<\/div>\n<p><\/font><\/td>\n<\/tr>\n<\/tbody>\n<\/table>\n<table bgcolor =\"FFF6F0\" border=0>\n<tbody>\n<tr>\n<td><font color=\"00CC00\"><\/p>\n<div align=\"center\"><img decoding=\"async\" src=\"\/IMG\/personnes\/patrick.jpg\" width=250><br \/>\n<i>St Patrick<\/i>\n<\/div>\n<p><\/font><\/td>\n<td><font color=\"00CC00\"><\/p>\n<div align=\"center\">\n<p><b>Jeudi 17 mars<\/b><br \/>\n<i>St Patrick<\/i><\/p>\n<p>18 h &#8211; Messe \u00e0 Cr\u00e9cy pour Jeannine MANBRUN, Andr\u00e9 HUVELIN et Chantal DUBOIS.<\/p>\n<p><b>Vendredi 18 mars<\/b><br \/>\n<i>St Cyrille<\/i><\/p>\n<p>9 h &#8211; A Cr\u00e9cy, Messe anniversaire pour Pierre LOUIS.<\/p>\n<p>11 h &#8211; A Cr\u00e9cy, Obs\u00e8ques de Sabine BATARD.<\/p>\n<p>20 h 30  Veill\u00e9e p\u00e9nitentielle.\n<\/p><\/div>\n<p><\/font><\/td>\n<\/tr>\n<\/tbody>\n<\/table>\n<table bgcolor =\"F0F0F6\" border=0>\n<tbody>\n<tr>\n<td><font color=\"0020FF\"><\/p>\n<div align=\"center\"><b>Samedi 19 mars<\/b><br \/>\n18 h 15 &#8211; A Villiers ,Messe anticip\u00e9e  des RAMEAUX. Elle sera c\u00e9l\u00e9br\u00e9e pour Claudine AVANZINI et Germaine VERNILLET.<\/p>\n<p><b>Dimanche 20 mars<\/b><br \/>\n<i>DIMANCHE  DES  RAMEAUX et de la PASSION<\/i><\/p>\n<p>10 h 30 &#8211; Messe \u00e0 Cr\u00e9cy pour Andr\u00e9 CHAMPIN, Maurice REVEL et Olivier LANDRIEUX.\n <\/p><\/div>\n<p><\/font><\/td>\n<td><font color=\"0020FF\"><\/p>\n<div align=\"center\"><img decoding=\"async\" src=\"\/IMG\/lieux\/stgeorges19.jpg\"  width=250><\/div>\n<p><\/font><\/td>\n<\/tr>\n<\/tbody>\n<\/table>\n<\/div>\n","protected":false},"excerpt":{"rendered":"<p>Voici les annonces de la semaine du lundi 14 au dimanche 20 mars 2016 pour la paroisse des 3 clochers Cr\u00e9cy-la-Chapelle, Villiers-sur-Morin, Voulangis. Samedi 19 \u00e0\u00a0 18 h 15, messe \u00e0\u00a0 Villiers, Dimanche 20&#46;&#46;&#46;<\/p>\n","protected":false},"author":2,"featured_media":0,"comment_status":"open","ping_status":"open","sticky":false,"template":"","format":"standard","meta":{"footnotes":""},"categories":[],"tags":[],"class_list":["post-969","post","type-post","status-publish","format-standard","hentry"],"_links":{"self":[{"href":"http:\/\/www.chapelle-crecy.com\/index.php?rest_route=\/wp\/v2\/posts\/969","targetHints":{"allow":["GET"]}}],"collection":[{"href":"http:\/\/www.chapelle-crecy.com\/index.php?rest_route=\/wp\/v2\/posts"}],"about":[{"href":"http:\/\/www.chapelle-crecy.com\/index.php?rest_route=\/wp\/v2\/types\/post"}],"author":[{"embeddable":true,"href":"http:\/\/www.chapelle-crecy.com\/index.php?rest_route=\/wp\/v2\/users\/2"}],"replies":[{"embeddable":true,"href":"http:\/\/www.chapelle-crecy.com\/index.php?rest_route=%2Fwp%2Fv2%2Fcomments&post=969"}],"version-history":[{"count":0,"href":"http:\/\/www.chapelle-crecy.com\/index.php?rest_route=\/wp\/v2\/posts\/969\/revisions"}],"wp:attachment":[{"href":"http:\/\/www.chapelle-crecy.com\/index.php?rest_route=%2Fwp%2Fv2%2Fmedia&parent=969"}],"wp:term":[{"taxonomy":"category","embeddable":true,"href":"http:\/\/www.chapelle-crecy.com\/index.php?rest_route=%2Fwp%2Fv2%2Fcategories&post=969"},{"taxonomy":"post_tag","embeddable":true,"href":"http:\/\/www.chapelle-crecy.com\/index.php?rest_route=%2Fwp%2Fv2%2Ftags&post=969"}],"curies":[{"name":"wp","href":"https:\/\/api.w.org\/{rel}","templated":true}]}}