{"id":971,"date":"2016-03-19T16:42:05","date_gmt":"2016-03-19T16:42:05","guid":{"rendered":""},"modified":"-0001-11-30T00:00:00","modified_gmt":"-0001-11-29T22:00:00","slug":"","status":"publish","type":"post","link":"http:\/\/www.chapelle-crecy.com\/?p=971","title":{"rendered":"Annonces du 21 au 27 mars 2016"},"content":{"rendered":"<div align=\"justify\">Voici les annonces de la semaine du lundi 21 au dimanche 27 mars 2016 pour la paroisse des 3 clochers Cr\u00e9cy-la-Chapelle, Villiers-sur-Morin, Voulangis. <\/p>\n<p>Samedi 26 \u00e0\u00a0 18 h 30, messe \u00e0\u00a0 Cr\u00e9cy,<br \/>\nDimanche 20 \u00e0\u00a0 10 h 30, messe \u00e0\u00a0 Villiers. <\/p>\n<p>Tous les d\u00e9tails dans la suite &#8230;\n<\/p><\/div>\n<div align=\"center\">\n<table bgcolor =\"F0F0F6\" border=0>\n<tbody>\n<td ><font color=\"0E0C40\"><\/p>\n<div align=\"center\"><b>Lundi 21 mars<\/b><\/p>\n<p>17 h  Messe \u00e0 la Maison de Retraite.<\/p>\n<p><b>Mardi 22 mars<\/b><\/p>\n<p>9  h &#8211; Messe \u00e0 Cr\u00e9cy pour Jean PANHARD et Mich\u00e8le HAESE.<br \/>\n10 h &#8211;  A Villiers,  obs\u00e8ques de Reine DEROUET.<\/p>\n<p><b>Mercredi 23 mars<\/b><br \/>\n20 h  Messe Chrismale \u00e0 la Cath\u00e9drale de Meaux.\n<\/div>\n<p><\/font><\/td>\n<td><font color=\"0E0C40\"><\/p>\n<div align=\"center\"><img decoding=\"async\" src=\"\/IMG\/lieux\/sanjuan02.jpg\" width=250>\n<\/div>\n<p><\/font><\/td>\n<\/tr>\n<\/tbody>\n<\/table>\n<table bgcolor =\"FFF6F0\" border=0>\n<tbody>\n<tr>\n<td><font color=\"00CC00\"><\/p>\n<div align=\"center\"><img decoding=\"async\" src=\"\/IMG\/jpg\/DSC04263.jpg\" width=250><\/br><\/p>\n<\/div>\n<p><\/font><\/td>\n<td><font color=\"00CC00\"><\/p>\n<div align=\"center\">\n<p><b>Jeudi 24 mars<\/b><br \/>\nJEUDI SAINT <br \/>\n20 h &#8211; C\u00e9l\u00e9bration de la sainte C\u00e8ne \u00e0 Cr\u00e9cy.<\/p>\n<p><b>Vendredi 25 mars<\/b><br \/>\nVENDREDI SAINT<\/p>\n<p>Chemin de Croix : <\/p>\n<li> 11 h \u00e0 Voulangis<\/li>\n<li>15 h \u00e0 Villiers<\/li>\n<li> 17 h \u00e0 Cr\u00e9cy<\/li>\n<p>\nC\u00e9l\u00e9bration de la Passion \u00e0 20 h 30 \u00e0 Cr\u00e9cy<br \/>\nQu\u00eate   sp\u00e9ciale pour les lieux Saints\n<\/div>\n<p><\/font><\/td>\n<\/tr>\n<\/tbody>\n<\/table>\n<table bgcolor =\"F0F0F6\" border=0>\n<tbody>\n<tr>\n<td><font color=\"0020FF\"><\/p>\n<div align=\"center\"><b>Samedi 26 mars<\/b><br \/>\nA Cr\u00e9cy \u00e0  21 h &#8211; VEILLEE PASCALE<br \/>\nBapt\u00eame, Premi\u00e8re Communion et Confirmation de Sabrya et Corentine.<\/p>\n<p><b>Dimanche 27 mars<\/b><br \/>\n10 h 30 &#8211; A Villiers : MESSE DU JOUR DE PAQUES\n <\/div>\n<p><\/font><\/td>\n<td><font color=\"0020FF\"><\/p>\n<div align=\"center\"><img decoding=\"async\" src=\"\/IMG\/lieux\/stgeorges21.jpg\" width=250><\/div>\n<p><\/font><\/td>\n<\/tr>\n<\/tbody>\n<\/table>\n<\/div>\n","protected":false},"excerpt":{"rendered":"<p>Voici les annonces de la semaine du lundi 21 au dimanche 27 mars 2016 pour la paroisse des 3 clochers Cr\u00e9cy-la-Chapelle, Villiers-sur-Morin, Voulangis. Samedi 26 \u00e0\u00a0 18 h 30, messe \u00e0\u00a0 Cr\u00e9cy, Dimanche 20&#46;&#46;&#46;<\/p>\n","protected":false},"author":2,"featured_media":0,"comment_status":"open","ping_status":"open","sticky":false,"template":"","format":"standard","meta":{"footnotes":""},"categories":[],"tags":[],"class_list":["post-971","post","type-post","status-publish","format-standard","hentry"],"_links":{"self":[{"href":"http:\/\/www.chapelle-crecy.com\/index.php?rest_route=\/wp\/v2\/posts\/971","targetHints":{"allow":["GET"]}}],"collection":[{"href":"http:\/\/www.chapelle-crecy.com\/index.php?rest_route=\/wp\/v2\/posts"}],"about":[{"href":"http:\/\/www.chapelle-crecy.com\/index.php?rest_route=\/wp\/v2\/types\/post"}],"author":[{"embeddable":true,"href":"http:\/\/www.chapelle-crecy.com\/index.php?rest_route=\/wp\/v2\/users\/2"}],"replies":[{"embeddable":true,"href":"http:\/\/www.chapelle-crecy.com\/index.php?rest_route=%2Fwp%2Fv2%2Fcomments&post=971"}],"version-history":[{"count":0,"href":"http:\/\/www.chapelle-crecy.com\/index.php?rest_route=\/wp\/v2\/posts\/971\/revisions"}],"wp:attachment":[{"href":"http:\/\/www.chapelle-crecy.com\/index.php?rest_route=%2Fwp%2Fv2%2Fmedia&parent=971"}],"wp:term":[{"taxonomy":"category","embeddable":true,"href":"http:\/\/www.chapelle-crecy.com\/index.php?rest_route=%2Fwp%2Fv2%2Fcategories&post=971"},{"taxonomy":"post_tag","embeddable":true,"href":"http:\/\/www.chapelle-crecy.com\/index.php?rest_route=%2Fwp%2Fv2%2Ftags&post=971"}],"curies":[{"name":"wp","href":"https:\/\/api.w.org\/{rel}","templated":true}]}}