{"id":974,"date":"2016-03-20T21:45:38","date_gmt":"2016-03-20T21:45:38","guid":{"rendered":""},"modified":"-0001-11-30T00:00:00","modified_gmt":"-0001-11-29T22:00:00","slug":"","status":"publish","type":"post","link":"http:\/\/www.chapelle-crecy.com\/?p=974","title":{"rendered":"Qu&rsquo;est-ce que le dimanche des Rameaux?"},"content":{"rendered":"<div align=\"justify\">\n<div align=\"center\"><img decoding=\"async\" src=\"\/IMG\/jpg\/rameaux0.jpg\" width=450><\/div>\n<p>Le Dimanche des Rameaux est le jour qui comm\u00e9more l&rsquo;entr\u00e9e triomphale de J\u00e9sus dans J\u00e9rusalem, une semaine exactement avant sa r\u00e9surrection (Mathieu 21 :1-11). Quelques 450 \u00e0\u00a0 500 ans plus t\u00f4t, le proph\u00e8te Zacharie avait proph\u00e9tis\u00e9: \u0153Sois transport\u00e9e d&rsquo;all\u00e9gresse, fille de Sion! Pousse des cris de joie, fille de J\u00e9rusalem! Voici ton roi vient \u00e0\u00a0 toi; il est juste et sauveur, il est humble et mont\u00e9 sur un  ne, sur un  ne, le petit d&rsquo;une  nesse \u00bb (Zacharie 9 :9).<\/p>\n<div align=\"center\"><img decoding=\"async\" src=\"\/IMG\/jpg\/rameaux1.jpg\" width=350><\/div>\n<p> Mathieu 21:7 \u00e0\u00a0 9 relate l&rsquo;accomplissement de cette proph\u00e9tie : \u0153Ils amen\u00e8rent l&rsquo; nesse et l&rsquo; non, mirent sur eux leurs v\u00eatements, et le firent asseoir dessus. La plupart des gens de la foule \u00e9tendirent leurs v\u00eatements sur le chemin ; d&rsquo;autres coup\u00e8rent des branches d&rsquo;arbres et en jonch\u00e8rent la route. Ceux qui pr\u00e9c\u00e9daient et ceux qui suivaient J\u00e9sus criaient : Hosanna au Fils de David !<\/p>\n<p>B\u00e9ni soit celui qui vient au nom du Seigneur! Hosanna dans les lieux tr\u00e8s hauts! \u00bb. Cet \u00e9v\u00e8nement eut lieu le dimanche qui pr\u00e9c\u00e9da la crucifixion de J\u00e9sus..\n<\/p><\/div>\n<div align=\"justify\">\n Le Dimanche des Rameaux est la comm\u00e9moration de cet \u00e9v\u00e8nement. On l&rsquo;appelle le Dimanche des Rameaux \u00e0 cause des branches d&rsquo;arbres jet\u00e9es sur la route devant J\u00e9sus alors qu&rsquo;il cheminait vers J\u00e9rusalem, mont\u00e9 sur l&rsquo;\u00e2non. Le Dimanche des Rameaux f\u00fbt l&rsquo;accomplissement de la proph\u00e9tie de Daniel : \u00ab Sache-le donc, et comprends ! Depuis le moment o\u00f9 la parole a annonc\u00e9 que J\u00e9rusalem sera reb\u00e2tie jusqu&rsquo;\u00e0 celui o\u00f9 un chef sera oint, il y a sept semaines ; dans soixante-deux semaines, les places et les foss\u00e9s seront r\u00e9tablis, mais en des temps f\u00e2cheux \u00bb (Daniel 9 :25). Jean 1 :11 nous dit : \u00ab Elle (la Parole : J\u00e9sus) est venue chez les siens, et les siens ne l&rsquo;ont point re\u00e7ue. \u00bb<\/p>\n<div align=\"center\"><img decoding=\"async\" src=\"\/IMG\/jpg\/rameaux2.jpg\" width=250><\/div>\n<p> La m\u00eame foule qui criait \u00ab Hosanna \u00bb, criait cinq jours plus tard \u00ab qu&rsquo;il soit crucifi\u00e9 ! \u00bb (Mathieu 27 :22-23).\n<\/p><\/div>\n","protected":false},"excerpt":{"rendered":"<p>Le Dimanche des Rameaux est le jour qui comm\u00e9more l&rsquo;entr\u00e9e triomphale de J\u00e9sus dans J\u00e9rusalem, une semaine exactement avant sa r\u00e9surrection (Mathieu 21 :1-11). Quelques 450 \u00e0\u00a0 500 ans plus t\u00f4t, le proph\u00e8te Zacharie&#46;&#46;&#46;<\/p>\n","protected":false},"author":2,"featured_media":0,"comment_status":"open","ping_status":"open","sticky":false,"template":"","format":"standard","meta":{"footnotes":""},"categories":[],"tags":[],"class_list":["post-974","post","type-post","status-publish","format-standard","hentry"],"_links":{"self":[{"href":"http:\/\/www.chapelle-crecy.com\/index.php?rest_route=\/wp\/v2\/posts\/974","targetHints":{"allow":["GET"]}}],"collection":[{"href":"http:\/\/www.chapelle-crecy.com\/index.php?rest_route=\/wp\/v2\/posts"}],"about":[{"href":"http:\/\/www.chapelle-crecy.com\/index.php?rest_route=\/wp\/v2\/types\/post"}],"author":[{"embeddable":true,"href":"http:\/\/www.chapelle-crecy.com\/index.php?rest_route=\/wp\/v2\/users\/2"}],"replies":[{"embeddable":true,"href":"http:\/\/www.chapelle-crecy.com\/index.php?rest_route=%2Fwp%2Fv2%2Fcomments&post=974"}],"version-history":[{"count":0,"href":"http:\/\/www.chapelle-crecy.com\/index.php?rest_route=\/wp\/v2\/posts\/974\/revisions"}],"wp:attachment":[{"href":"http:\/\/www.chapelle-crecy.com\/index.php?rest_route=%2Fwp%2Fv2%2Fmedia&parent=974"}],"wp:term":[{"taxonomy":"category","embeddable":true,"href":"http:\/\/www.chapelle-crecy.com\/index.php?rest_route=%2Fwp%2Fv2%2Fcategories&post=974"},{"taxonomy":"post_tag","embeddable":true,"href":"http:\/\/www.chapelle-crecy.com\/index.php?rest_route=%2Fwp%2Fv2%2Ftags&post=974"}],"curies":[{"name":"wp","href":"https:\/\/api.w.org\/{rel}","templated":true}]}}