{"id":976,"date":"2016-03-29T08:00:00","date_gmt":"2016-03-29T08:00:00","guid":{"rendered":""},"modified":"-0001-11-30T00:00:00","modified_gmt":"-0001-11-29T22:00:00","slug":"","status":"publish","type":"post","link":"http:\/\/www.chapelle-crecy.com\/?p=976","title":{"rendered":"Relance des Scouts Unitaires"},"content":{"rendered":"<p>Nous relan\u00e7ons le groupe des Scouts Unitaires de France sur la r\u00e9gion du Grand<br \/>\nMorin. Aussi, nous nous permettons de vous contacter afin de vous envoyer cette<br \/>\ninvitation que vous retrouverez sur l&rsquo;affiche jointe.<br \/>\nEn effet nous cr\u00e9ons une apr\u00e8s-midi scoute.<br \/>\nDimanche 10 Avril de 14h \u00e0\u00a0 17h30 au COLLEGE SAINTE THERESE<br \/>\n241, Chemin des Caves<br \/>\n77860 COUILLY-PONT-AUX-DAMES<br \/>\nUn conf\u00e9rencier vous parlera d&rsquo;\u00e9ducation et vous pourrez \u00e9changer avec lui.<br \/>\nN&rsquo;h\u00e9sitez pas \u00e0\u00a0 venir en famille m\u00eame avec vos grands jeunes.<br \/>\nDes activit\u00e9s scoutes seront organis\u00e9es pour tous les  ges.<br \/>\nN&rsquo;h\u00e9sitez pas non plus \u00e0\u00a0 poser vos questions sur ce mail et \u00e0\u00a0 diffuser largement<br \/>\ncette information. Merci de soutenir cette action.<\/p>\n<p>Marie-Haude et Daniel Berge D\u00e9l\u00e9gu\u00e9s r\u00e9gionaux<br \/>\nP\u00e8res Olivier de Vasselot et Aim\u00e9 \u201c Fr\u00e9d\u00e9ric Hounzandji<br \/>\nInformations : Monsieur et Madame Berge :<br \/>\ntel 0164066110 mail : dr.idfest @scouts-unitaires.org<\/p>\n<div align=\"center\"><img decoding=\"async\" src=\"\/IMG\/scouts\/suf_relance2016.jpg\"><\/div>\n","protected":false},"excerpt":{"rendered":"<p>Nous relan\u00e7ons le groupe des Scouts Unitaires de France sur la r\u00e9gion du Grand Morin. Aussi, nous nous permettons de vous contacter afin de vous envoyer cette invitation que vous retrouverez sur l&rsquo;affiche jointe.&#46;&#46;&#46;<\/p>\n","protected":false},"author":2,"featured_media":0,"comment_status":"open","ping_status":"open","sticky":false,"template":"","format":"standard","meta":{"footnotes":""},"categories":[],"tags":[],"class_list":["post-976","post","type-post","status-publish","format-standard","hentry"],"_links":{"self":[{"href":"http:\/\/www.chapelle-crecy.com\/index.php?rest_route=\/wp\/v2\/posts\/976","targetHints":{"allow":["GET"]}}],"collection":[{"href":"http:\/\/www.chapelle-crecy.com\/index.php?rest_route=\/wp\/v2\/posts"}],"about":[{"href":"http:\/\/www.chapelle-crecy.com\/index.php?rest_route=\/wp\/v2\/types\/post"}],"author":[{"embeddable":true,"href":"http:\/\/www.chapelle-crecy.com\/index.php?rest_route=\/wp\/v2\/users\/2"}],"replies":[{"embeddable":true,"href":"http:\/\/www.chapelle-crecy.com\/index.php?rest_route=%2Fwp%2Fv2%2Fcomments&post=976"}],"version-history":[{"count":0,"href":"http:\/\/www.chapelle-crecy.com\/index.php?rest_route=\/wp\/v2\/posts\/976\/revisions"}],"wp:attachment":[{"href":"http:\/\/www.chapelle-crecy.com\/index.php?rest_route=%2Fwp%2Fv2%2Fmedia&parent=976"}],"wp:term":[{"taxonomy":"category","embeddable":true,"href":"http:\/\/www.chapelle-crecy.com\/index.php?rest_route=%2Fwp%2Fv2%2Fcategories&post=976"},{"taxonomy":"post_tag","embeddable":true,"href":"http:\/\/www.chapelle-crecy.com\/index.php?rest_route=%2Fwp%2Fv2%2Ftags&post=976"}],"curies":[{"name":"wp","href":"https:\/\/api.w.org\/{rel}","templated":true}]}}