{"id":977,"date":"2016-04-01T22:06:16","date_gmt":"2016-04-01T22:06:16","guid":{"rendered":""},"modified":"-0001-11-30T00:00:00","modified_gmt":"-0001-11-29T22:00:00","slug":"","status":"publish","type":"post","link":"http:\/\/www.chapelle-crecy.com\/?p=977","title":{"rendered":"Annonces du 4 au 10 avril 2016"},"content":{"rendered":"<div align=\"justify\">Voici les annonces de la semaine du lundi 4 au dimanche 10 avril 2016 pour la paroisse des 3 clochers Cr\u00e9cy-la-Chapelle, Villiers-sur-Morin, Voulangis. <\/p>\n<p>Samedi 9 \u00e0\u00a0 18 h 30, messe \u00e0\u00a0 Voulangis,<br \/>\nDimanche 10 \u00e0\u00a0 10 h 30, messe \u00e0\u00a0 Cr\u00e9cy. <\/p>\n<p>Tous les d\u00e9tails dans la suite &#8230;\n<\/p><\/div>\n<div align=\"center\">\n<table bgcolor =\"F0F0F6\" border=0>\n<tbody>\n<td ><font color=\"0E0C40\"><\/p>\n<div align=\"center\"><b>Lundi 4 avril<\/b><\/p>\n<p>14 h 30 &#8211; R\u00e9union de l&rsquo;Equipe du Rosaire chez Mme LOUIS <br \/>\n17 h &#8211; Messe \u00e0 la Maison de Retraite<br \/>\n20 h &#8211; Messe de l&rsquo;Annonciation<br \/>\n21 h &#8211; R\u00e9union de l&rsquo;Equipe d&rsquo;Accueil.<\/p>\n<p><b>Mardi  5 avril<\/b><\/p>\n<p><i>Sainte Ir\u00e8ne<\/i><br \/>\n18 h &#8211; Messe \u00e0 Cr\u00e9cy pour Gaby BEAUMONT, Claudie SIMON, et Christian CORNEAU<\/p>\n<p><b>Mercredi 6 avril <\/b><\/p>\n<p>18 h &#8211; Messe \u00e0 Cr\u00e9cy pour Jean MARTINAND, Philippe CABARET et Maria AZEVEDO\n<\/p><\/div>\n<p><\/font><\/td>\n<td><font color=\"0E0C40\"><\/p>\n<div align=\"center\"><img decoding=\"async\" src=\"\/IMG\/personnes\/irene.jpg\" width=250><br \/>\n<i>Sainte Ir\u00e8ne de Th\u00e9ssalonique<\/i>\n<\/div>\n<p><\/font><\/td>\n<\/tr>\n<\/tbody>\n<\/table>\n<table bgcolor =\"FFF6F0\" border=0>\n<tbody>\n<tr>\n<td><font color=\"00CC00\"><\/p>\n<div align=\"center\"><img decoding=\"async\" src=\"\/IMG\/personnes\/jean-baptiste-de-la-salle.jpg\" width=250><\/br><br \/>\n<i>Saint Jean Baptiste de la Salle<\/i>\n<\/div>\n<p><\/font><\/td>\n<td><font color=\"00CC00\"><\/p>\n<div align=\"center\">\n<p><b>Jeudi 7 avril<\/b><\/p>\n<p><i>Saint Jean Baptiste de la Salle<\/i><br \/>\nPas de messe en paroisse.<\/p>\n<p><b>Vendredi 8 avril<\/b><\/p>\n<p>9 h &#8211; Messe \u00e0 Cr\u00e9cy pour Georges PICARD,  Lucien GORRET et Jean-Charles POTEL.<\/p>\n<p>15 h 30 &#8211; A Cr\u00e9cy, Obs\u00e8ques de Claude DELAGE.\n<\/p><\/div>\n<p><\/font><\/td>\n<\/tr>\n<\/tbody>\n<\/table>\n<table bgcolor =\"F0F0F6\" border=0>\n<tbody>\n<tr>\n<td><font color=\"0020FF\"><\/p>\n<div align=\"center\"><b>Samedi 9 avril<\/b><\/p>\n<p>18 h  Messe \u00e0 Voulangis pour Jean ROSIER et Marianne BENVENUTI.<\/p>\n<p><b>Dimanche 10 avril<\/b><\/p>\n<p>10 h 30 &#8211; Messe \u00e0 Cr\u00e9cy pour  Georges PAQUET et Pierre BEAUMONT.<br \/>\n<br \/> <br \/>\nCe dimanche apr\u00e8s-midi 10 avril : de 14 h \u00e0 17 h 30, \u00e0 l&rsquo;Institution Sainte-Th\u00e9r\u00e8se, rencontre scoute : \u00ab\u00a0FLAMME  SUF\u00a0\u00bb\n <\/div>\n<p><\/font><\/td>\n<td><font color=\"0020FF\"><\/p>\n<div align=\"center\"><img decoding=\"async\" src=\"\/IMG\/lieux\/stgeorges14.jpg\" width=250><\/div>\n<p><\/font><\/td>\n<\/tr>\n<\/tbody>\n<\/table>\n<\/div>\n","protected":false},"excerpt":{"rendered":"<p>Voici les annonces de la semaine du lundi 4 au dimanche 10 avril 2016 pour la paroisse des 3 clochers Cr\u00e9cy-la-Chapelle, Villiers-sur-Morin, Voulangis. Samedi 9 \u00e0\u00a0 18 h 30, messe \u00e0\u00a0 Voulangis, Dimanche 10&#46;&#46;&#46;<\/p>\n","protected":false},"author":2,"featured_media":0,"comment_status":"open","ping_status":"open","sticky":false,"template":"","format":"standard","meta":{"footnotes":""},"categories":[],"tags":[],"class_list":["post-977","post","type-post","status-publish","format-standard","hentry"],"_links":{"self":[{"href":"http:\/\/www.chapelle-crecy.com\/index.php?rest_route=\/wp\/v2\/posts\/977","targetHints":{"allow":["GET"]}}],"collection":[{"href":"http:\/\/www.chapelle-crecy.com\/index.php?rest_route=\/wp\/v2\/posts"}],"about":[{"href":"http:\/\/www.chapelle-crecy.com\/index.php?rest_route=\/wp\/v2\/types\/post"}],"author":[{"embeddable":true,"href":"http:\/\/www.chapelle-crecy.com\/index.php?rest_route=\/wp\/v2\/users\/2"}],"replies":[{"embeddable":true,"href":"http:\/\/www.chapelle-crecy.com\/index.php?rest_route=%2Fwp%2Fv2%2Fcomments&post=977"}],"version-history":[{"count":0,"href":"http:\/\/www.chapelle-crecy.com\/index.php?rest_route=\/wp\/v2\/posts\/977\/revisions"}],"wp:attachment":[{"href":"http:\/\/www.chapelle-crecy.com\/index.php?rest_route=%2Fwp%2Fv2%2Fmedia&parent=977"}],"wp:term":[{"taxonomy":"category","embeddable":true,"href":"http:\/\/www.chapelle-crecy.com\/index.php?rest_route=%2Fwp%2Fv2%2Fcategories&post=977"},{"taxonomy":"post_tag","embeddable":true,"href":"http:\/\/www.chapelle-crecy.com\/index.php?rest_route=%2Fwp%2Fv2%2Ftags&post=977"}],"curies":[{"name":"wp","href":"https:\/\/api.w.org\/{rel}","templated":true}]}}