{"id":978,"date":"2016-04-08T17:16:34","date_gmt":"2016-04-08T17:16:34","guid":{"rendered":""},"modified":"-0001-11-30T00:00:00","modified_gmt":"-0001-11-29T22:00:00","slug":"","status":"publish","type":"post","link":"http:\/\/www.chapelle-crecy.com\/?p=978","title":{"rendered":"Annonces du 11 au 17 avril 2016"},"content":{"rendered":"<div align=\"justify\">Voici les annonces de la semaine du lundi 11 au dimanche 17 avril 2016 pour la paroisse des 3 clochers Cr\u00e9cy-la-Chapelle, Villiers-sur-Morin, Voulangis. <\/p>\n<p>Samedi 16 \u00e0\u00a0 18 h 30, messe \u00e0\u00a0 Villiers,<br \/>\nDimanche 17 \u00e0\u00a0 10 h 30, messe \u00e0\u00a0 La Coll\u00e9giale. <\/p>\n<p>Tous les d\u00e9tails dans la suite &#8230;\n<\/p><\/div>\n<div align=\"center\">\n<table bgcolor =\"F0F0F6\" border=0>\n<tbody>\n<td ><font color=\"0E0C40\"><\/p>\n<div align=\"center\"><b>Lundi 11 avril<\/b><br \/>\n<i> St Stanislas<\/i><\/p>\n<p>17 h &#8211; C\u00e9l\u00e9bration la Maison de Retraite<br \/>\n20 h 30 &#8211;  R\u00e9union de l&rsquo;Equipe d&rsquo;Animation Pastorale.<\/p>\n<p><b>Mardi 12 avril<\/b><\/p>\n<p>18 h &#8211; Messe \u00e0 Cr\u00e9cy pour Janine DELAVENA et Nelly DELORAINE.<br \/> \n<\/div>\n<p><\/font><\/td>\n<td><font color=\"0E0C40\"><\/p>\n<div align=\"center\"><img decoding=\"async\" src=\"\/IMG\/personnes\/stanislas.jpg\" width=250><br \/>\n<i> St Stanislas<\/i>\n<\/div>\n<p><\/font><\/td>\n<\/tr>\n<\/tbody>\n<\/table>\n<table bgcolor =\"FFF6F0\" border=0>\n<tbody>\n<tr>\n<td><font color=\"00CC00\"><\/p>\n<div align=\"center\"><img decoding=\"async\" src=\"\/IMG\/personnes\/ida.jpg\" width=250><\/br><br \/>\n<i>Sainte Ide de Boulogne<\/i><\/div>\n<p><\/font><\/td>\n<td><font color=\"00CC00\"><\/p>\n<div align=\"center\">\n<b>Mercredi 13 avril <\/b><br \/> <br \/>\n<i>Sainte Ide de Boulogne<\/i><\/p>\n<p>9 h &#8211; Messe \u00e0 Cr\u00e9cy pour  Andr\u00e9 SALTEL et Genevi\u00e8ve FONTERAY<br \/>\n20 h30 &#8211;  Soir\u00e9e d&rsquo;Adoration \u00e0 l&rsquo;\u00e9glise de Cr\u00e9cy.<\/p>\n<p><b>Jeudi 14 avril<\/b><\/p>\n<p>Pas de messe en paroisse.<\/p>\n<p><b>Vendredi 15 avril<\/b><\/p>\n<p>9 h  Messe \u00e0 Cr\u00e9cy pour  Denise LE GALL et Ren\u00e9e COUTAREL\n<\/p><\/div>\n<p><\/font><\/td>\n<\/tr>\n<\/tbody>\n<\/table>\n<table bgcolor =\"F0F0F6\" border=0>\n<tbody>\n<tr>\n<td><font color=\"0020FF\"><\/p>\n<div align=\"center\"><b>Samedi 16 avril<\/b><\/p>\n<p>15  h 30 &#8211; A Voulangis : mariage de Laure BESSON et Sylvain CAVALIERE . Il sera suivi du Bapt\u00eame d &lsquo;Enzo.<br \/>\n18 h 30 &#8211; Messe \u00e0 Villiers pour Juliette LACOMBE et Paulette LOINTIER<\/p>\n<p> <br \/>\n<b>Dimanche 17 avril<\/b><br \/> <br \/>\n10 h 30 &#8211;  Messe \u00e0 LA COLLEGIALE, c\u00e9l\u00e9br\u00e9e pour Sabine BATARD et  C\u00e9line CHARLES. Nous c\u00e9l\u00e8brerons aussi le bapt\u00eame d&rsquo;Elena MUNSCH. <\/div>\n<p><\/font><\/td>\n<td><font color=\"0020FF\"><\/p>\n<div align=\"center\"><img decoding=\"async\" src=\"\/IMG\/lieux\/collegiale4.jpg\" width=250><\/div>\n<p><\/font><\/td>\n<\/tr>\n<\/tbody>\n<\/table>\n<\/div>\n","protected":false},"excerpt":{"rendered":"<p>Voici les annonces de la semaine du lundi 11 au dimanche 17 avril 2016 pour la paroisse des 3 clochers Cr\u00e9cy-la-Chapelle, Villiers-sur-Morin, Voulangis. Samedi 16 \u00e0\u00a0 18 h 30, messe \u00e0\u00a0 Villiers, Dimanche 17&#46;&#46;&#46;<\/p>\n","protected":false},"author":2,"featured_media":0,"comment_status":"open","ping_status":"open","sticky":false,"template":"","format":"standard","meta":{"footnotes":""},"categories":[],"tags":[],"class_list":["post-978","post","type-post","status-publish","format-standard","hentry"],"_links":{"self":[{"href":"http:\/\/www.chapelle-crecy.com\/index.php?rest_route=\/wp\/v2\/posts\/978","targetHints":{"allow":["GET"]}}],"collection":[{"href":"http:\/\/www.chapelle-crecy.com\/index.php?rest_route=\/wp\/v2\/posts"}],"about":[{"href":"http:\/\/www.chapelle-crecy.com\/index.php?rest_route=\/wp\/v2\/types\/post"}],"author":[{"embeddable":true,"href":"http:\/\/www.chapelle-crecy.com\/index.php?rest_route=\/wp\/v2\/users\/2"}],"replies":[{"embeddable":true,"href":"http:\/\/www.chapelle-crecy.com\/index.php?rest_route=%2Fwp%2Fv2%2Fcomments&post=978"}],"version-history":[{"count":0,"href":"http:\/\/www.chapelle-crecy.com\/index.php?rest_route=\/wp\/v2\/posts\/978\/revisions"}],"wp:attachment":[{"href":"http:\/\/www.chapelle-crecy.com\/index.php?rest_route=%2Fwp%2Fv2%2Fmedia&parent=978"}],"wp:term":[{"taxonomy":"category","embeddable":true,"href":"http:\/\/www.chapelle-crecy.com\/index.php?rest_route=%2Fwp%2Fv2%2Fcategories&post=978"},{"taxonomy":"post_tag","embeddable":true,"href":"http:\/\/www.chapelle-crecy.com\/index.php?rest_route=%2Fwp%2Fv2%2Ftags&post=978"}],"curies":[{"name":"wp","href":"https:\/\/api.w.org\/{rel}","templated":true}]}}