{"id":979,"date":"2016-04-10T13:19:17","date_gmt":"2016-04-10T13:19:17","guid":{"rendered":""},"modified":"-0001-11-30T00:00:00","modified_gmt":"-0001-11-29T22:00:00","slug":"","status":"publish","type":"post","link":"http:\/\/www.chapelle-crecy.com\/?p=979","title":{"rendered":"Mercredi 13 avril 2016 \u00e0\u00a0 20h30 soir\u00e9e adoration \u00e0\u00a0 l&rsquo;\u00e9glise de Cr\u00e9cy la Chapelle"},"content":{"rendered":"<h1>Vous voulez \u00eatre branch\u00e9s ?<br \/>\nBien mieux que la t\u00e9l\u00e9vision : L&rsquo;ADORATION<\/h1>\n<p>30 mm : \u00e9coute d&rsquo;un CD : Dieu cherche des adorateurs<br \/>\n30 mm d&rsquo;adoration<br \/>\n-Se mettre en pr\u00e9sence de Dieu<br \/>\n-Prendre le temps d&rsquo;un coeur \u00e0\u00a0 coeur avec J\u00e9sus<br \/>\n-D\u00e9poser dans le coeur de J\u00e9sus tout ce qui fait notre vie<br \/>\nANN\u00e9E DE MIS\u00e9RICORDE : ADORONS J\u00e9SUS-CHRIST VISAGE DE MIS\u00e9RICORDE DE DIEU LE PERE<\/p>\n","protected":false},"excerpt":{"rendered":"<p>Vous voulez \u00eatre branch\u00e9s ? Bien mieux que la t\u00e9l\u00e9vision : L&rsquo;ADORATION 30 mm : \u00e9coute d&rsquo;un CD : Dieu cherche des adorateurs 30 mm d&rsquo;adoration -Se mettre en pr\u00e9sence de Dieu -Prendre le&#46;&#46;&#46;<\/p>\n","protected":false},"author":2,"featured_media":0,"comment_status":"open","ping_status":"open","sticky":false,"template":"","format":"standard","meta":{"footnotes":""},"categories":[],"tags":[],"class_list":["post-979","post","type-post","status-publish","format-standard","hentry"],"_links":{"self":[{"href":"http:\/\/www.chapelle-crecy.com\/index.php?rest_route=\/wp\/v2\/posts\/979","targetHints":{"allow":["GET"]}}],"collection":[{"href":"http:\/\/www.chapelle-crecy.com\/index.php?rest_route=\/wp\/v2\/posts"}],"about":[{"href":"http:\/\/www.chapelle-crecy.com\/index.php?rest_route=\/wp\/v2\/types\/post"}],"author":[{"embeddable":true,"href":"http:\/\/www.chapelle-crecy.com\/index.php?rest_route=\/wp\/v2\/users\/2"}],"replies":[{"embeddable":true,"href":"http:\/\/www.chapelle-crecy.com\/index.php?rest_route=%2Fwp%2Fv2%2Fcomments&post=979"}],"version-history":[{"count":0,"href":"http:\/\/www.chapelle-crecy.com\/index.php?rest_route=\/wp\/v2\/posts\/979\/revisions"}],"wp:attachment":[{"href":"http:\/\/www.chapelle-crecy.com\/index.php?rest_route=%2Fwp%2Fv2%2Fmedia&parent=979"}],"wp:term":[{"taxonomy":"category","embeddable":true,"href":"http:\/\/www.chapelle-crecy.com\/index.php?rest_route=%2Fwp%2Fv2%2Fcategories&post=979"},{"taxonomy":"post_tag","embeddable":true,"href":"http:\/\/www.chapelle-crecy.com\/index.php?rest_route=%2Fwp%2Fv2%2Ftags&post=979"}],"curies":[{"name":"wp","href":"https:\/\/api.w.org\/{rel}","templated":true}]}}