{"id":980,"date":"2016-04-13T15:54:10","date_gmt":"2016-04-13T15:54:10","guid":{"rendered":""},"modified":"-0001-11-30T00:00:00","modified_gmt":"-0001-11-29T22:00:00","slug":"","status":"publish","type":"post","link":"http:\/\/www.chapelle-crecy.com\/?p=980","title":{"rendered":"Assembl\u00e9e g\u00e9n\u00e9rale de Amiti\u00e9-Brie-B\u00e9nin"},"content":{"rendered":"<div align=\"center\">\n<h2>AMITIE BRIE BENIN<\/p>\n<p><b>Vendredi 15 avril 2016 \u00e0 20 heures salle de Justice<br \/>\n(mairie de Cr\u00e9cy-la-Chapelle) <\/p>\n<p>Assembl\u00e9e g\u00e9n\u00e9rale <\/h2>\n<p><b>Membres, sympathisants, curieux de notra action, <\/p>\n<p>Vous &ecirc;tes tous invit\u00e9s en toute convivialit\u00e9<\/p><\/div>\n","protected":false},"excerpt":{"rendered":"<p>AMITIE BRIE BENIN Vendredi 15 avril 2016 \u00e0 20 heures salle de Justice (mairie de Cr\u00e9cy-la-Chapelle) Assembl\u00e9e g\u00e9n\u00e9rale Membres, sympathisants, curieux de notra action, Vous &ecirc;tes tous invit\u00e9s en toute convivialit\u00e9<\/p>\n","protected":false},"author":2,"featured_media":0,"comment_status":"open","ping_status":"open","sticky":false,"template":"","format":"standard","meta":{"footnotes":""},"categories":[],"tags":[],"class_list":["post-980","post","type-post","status-publish","format-standard","hentry"],"_links":{"self":[{"href":"http:\/\/www.chapelle-crecy.com\/index.php?rest_route=\/wp\/v2\/posts\/980","targetHints":{"allow":["GET"]}}],"collection":[{"href":"http:\/\/www.chapelle-crecy.com\/index.php?rest_route=\/wp\/v2\/posts"}],"about":[{"href":"http:\/\/www.chapelle-crecy.com\/index.php?rest_route=\/wp\/v2\/types\/post"}],"author":[{"embeddable":true,"href":"http:\/\/www.chapelle-crecy.com\/index.php?rest_route=\/wp\/v2\/users\/2"}],"replies":[{"embeddable":true,"href":"http:\/\/www.chapelle-crecy.com\/index.php?rest_route=%2Fwp%2Fv2%2Fcomments&post=980"}],"version-history":[{"count":0,"href":"http:\/\/www.chapelle-crecy.com\/index.php?rest_route=\/wp\/v2\/posts\/980\/revisions"}],"wp:attachment":[{"href":"http:\/\/www.chapelle-crecy.com\/index.php?rest_route=%2Fwp%2Fv2%2Fmedia&parent=980"}],"wp:term":[{"taxonomy":"category","embeddable":true,"href":"http:\/\/www.chapelle-crecy.com\/index.php?rest_route=%2Fwp%2Fv2%2Fcategories&post=980"},{"taxonomy":"post_tag","embeddable":true,"href":"http:\/\/www.chapelle-crecy.com\/index.php?rest_route=%2Fwp%2Fv2%2Ftags&post=980"}],"curies":[{"name":"wp","href":"https:\/\/api.w.org\/{rel}","templated":true}]}}