{"id":982,"date":"2016-04-23T14:26:58","date_gmt":"2016-04-23T14:26:58","guid":{"rendered":""},"modified":"-0001-11-30T00:00:00","modified_gmt":"-0001-11-29T22:00:00","slug":"","status":"publish","type":"post","link":"http:\/\/www.chapelle-crecy.com\/?p=982","title":{"rendered":"Annonces du 25 avril au 1er mai 2016"},"content":{"rendered":"<div align=\"justify\">Voici les annonces de la semaine du lundi 25 avril au dimanche 1er mai 2016 pour la paroisse des 3 clochers Cr\u00e9cy-la-Chapelle, Villiers-sur-Morin, Voulangis. <\/p>\n<p>Samedi 30 \u00e0\u00a0 18 h 30, messe \u00e0\u00a0 Voulangis,<br \/>\nDimanche 1er mai \u00e0\u00a0 10 h 30, messe \u00e0\u00a0 Cr\u00e9cy. <\/p>\n<p>Tous les d\u00e9tails dans la suite &#8230;\n<\/p><\/div>\n<div align=\"center\">\n<table bgcolor =\"F0F0F6\" border=0>\n<tbody>\n<td ><font color=\"0E0C40\"><\/p>\n<div align=\"center\"><b>Lundi 25 avril<\/b><br \/>\n<i>St Marc, Evang\u00e9liste<\/i><\/p>\n<p>17 h &#8211; C\u00e9l\u00e9bration \u00e0 la Maison de Retraite<\/p>\n<p><b>Mardi 26 avril<\/b><\/p>\n<p>10 h &#8211; Obs\u00e8ques \u00e0 Cr\u00e9cy de Marie-Louise POUTONNET<\/p>\n<p>18 h &#8211; Messe \u00e0 Cr\u00e9cy pour Claudine AVANZINI et Henri CORPECHOT.<\/p>\n<p><b>Mercredi 27 avril <\/b><\/p>\n<p>9 h &#8211; Messe \u00e0 Cr\u00e9cy pour Maurice REVEL et Germaine VERNILLET.\n<\/p><\/div>\n<p><\/font><\/td>\n<td><font color=\"0E0C40\"><\/p>\n<div align=\"center\"><img decoding=\"async\" src=\"\/IMG\/personnes\/marc_evangeliste.jpg\" width=250><br \/>\n<i>St Marc, Evang\u00e9liste<\/i><\/p>\n<div><\/font><\/td>\n<\/tr>\n<\/tbody>\n<\/table>\n<table bgcolor =\"FFF6F0\" border=0>\n<tbody>\n<tr>\n<td><font color=\"00CC00\"><\/p>\n<div align=\"center\"><img decoding=\"async\" src=\"\/IMG\/personnes\/\/catherine_sienne.jpg\" width=250><\/br><br \/>\n<i>Ste Catherine de Sienne <\/i>\n<\/div>\n<p><\/font><\/td>\n<td><font color=\"00CC00\"><\/p>\n<div align=\"center\">\n<p><b>Jeudi 28 avril<\/b><br \/>\n<i>St Louis-Marie Grignon de Montfort<\/i><\/p>\n<p>18 h &#8211; Messe \u00e0 Cr\u00e9cy pour Claudie GROSJEAN et Pascal DUBUS.<\/p>\n<p><b>Vendredi 29 avril<\/b><br \/>\n<i>Ste Catherine de Sienne <\/i><br \/>\n9 h  Messe \u00e0 Cr\u00e9cy pour Damiano CAVALIERE et Gilbert BERLINGUEZ.\n<\/div>\n<p><\/font><\/td>\n<\/tr>\n<\/tbody>\n<\/table>\n<table bgcolor =\"F0F0F6\" border=0>\n<tbody>\n<tr>\n<td><font color=\"0020FF\"><\/p>\n<div align=\"center\"><b>Samedi 30 avril<\/b><\/p>\n<p>13 h 30 &#8211; A Cr\u00e9cy Pri\u00e8re  de l&rsquo;Ann\u00e9e de la Mis\u00e9ricorde<br \/>\n14 h 45 &#8211;  P\u00e9lerinage de la Porte Sainte, \u00e0 la cath\u00e9drale de Meaux<br \/>\n18 h 30 &#8211;  Messe \u00e0 Voulangis pour Jacqueline MULET et Enzo CARLI.<br \/>\nBapt\u00eame d&rsquo;Oc\u00e9ane PINOT<\/p>\n<p> <br \/>\n<b>Dimanche 1er mai<\/b><br \/> <br \/>\n10 h 30 &#8211; Messe \u00e0  Cr\u00e9cy pour  Claude CHEVALLIER et sa famille<br \/>\nBapt\u00eame de Nathan LOIL et Chlo\u00eb MONSAVOIR.<br \/>\nNous prions aussi pour Marie-Louise POUTONNET inhum\u00e9e ce mardi.. <\/div>\n<p><\/font><\/td>\n<td><font color=\"0020FF\"><\/p>\n<div align=\"center\"><img decoding=\"async\" src=\"\/IMG\/lieux\/voulangis_eglise4.jpg\" width=250><\/div>\n<p><\/font><\/td>\n<\/tr>\n<\/tbody>\n<\/table>\n<\/div>\n","protected":false},"excerpt":{"rendered":"<p>Voici les annonces de la semaine du lundi 25 avril au dimanche 1er mai 2016 pour la paroisse des 3 clochers Cr\u00e9cy-la-Chapelle, Villiers-sur-Morin, Voulangis. Samedi 30 \u00e0\u00a0 18 h 30, messe \u00e0\u00a0 Voulangis, Dimanche&#46;&#46;&#46;<\/p>\n","protected":false},"author":2,"featured_media":0,"comment_status":"open","ping_status":"open","sticky":false,"template":"","format":"standard","meta":{"footnotes":""},"categories":[],"tags":[],"class_list":["post-982","post","type-post","status-publish","format-standard","hentry"],"_links":{"self":[{"href":"http:\/\/www.chapelle-crecy.com\/index.php?rest_route=\/wp\/v2\/posts\/982","targetHints":{"allow":["GET"]}}],"collection":[{"href":"http:\/\/www.chapelle-crecy.com\/index.php?rest_route=\/wp\/v2\/posts"}],"about":[{"href":"http:\/\/www.chapelle-crecy.com\/index.php?rest_route=\/wp\/v2\/types\/post"}],"author":[{"embeddable":true,"href":"http:\/\/www.chapelle-crecy.com\/index.php?rest_route=\/wp\/v2\/users\/2"}],"replies":[{"embeddable":true,"href":"http:\/\/www.chapelle-crecy.com\/index.php?rest_route=%2Fwp%2Fv2%2Fcomments&post=982"}],"version-history":[{"count":0,"href":"http:\/\/www.chapelle-crecy.com\/index.php?rest_route=\/wp\/v2\/posts\/982\/revisions"}],"wp:attachment":[{"href":"http:\/\/www.chapelle-crecy.com\/index.php?rest_route=%2Fwp%2Fv2%2Fmedia&parent=982"}],"wp:term":[{"taxonomy":"category","embeddable":true,"href":"http:\/\/www.chapelle-crecy.com\/index.php?rest_route=%2Fwp%2Fv2%2Fcategories&post=982"},{"taxonomy":"post_tag","embeddable":true,"href":"http:\/\/www.chapelle-crecy.com\/index.php?rest_route=%2Fwp%2Fv2%2Ftags&post=982"}],"curies":[{"name":"wp","href":"https:\/\/api.w.org\/{rel}","templated":true}]}}