{"id":983,"date":"2016-05-01T00:16:15","date_gmt":"2016-05-01T00:16:15","guid":{"rendered":""},"modified":"-0001-11-30T00:00:00","modified_gmt":"-0001-11-29T22:00:00","slug":"","status":"publish","type":"post","link":"http:\/\/www.chapelle-crecy.com\/?p=983","title":{"rendered":"Annonces du 2 au 8 mai 2016"},"content":{"rendered":"<div align=\"justify\">Voici les annonces de la semaine du lundi 2 au dimanche 8 mai 2016 pour la paroisse des 3 clochers Cr\u00e9cy-la-Chapelle, Villiers-sur-Morin, Voulangis. <\/p>\n<p>Jeudi 5 \u00e0\u00a0 10 h 30, messe de l&rsquo;Ascension \u00e0\u00a0  la Coll\u00e9giale,<br \/>\nSamedi 7 \u00e0\u00a0 18 h 30, messe \u00e0\u00a0 Villiers,<br \/>\nDimanche 8 mai \u00e0\u00a0 10 h 30, messe \u00e0\u00a0  la Coll\u00e9giale. <\/p>\n<p>Tous les d\u00e9tails dans la suite &#8230;\n<\/p><\/div>\n<div align=\"center\">\n<table bgcolor =\"F0F0F6\" border=0>\n<tbody>\n<td ><font color=\"0E0C40\"><\/p>\n<div align=\"center\"><b>Lundi 2 mai<\/b><\/p>\n<p>\n17 h &#8211; Messe \u00e0 la Maison de Retraite<br \/>\n20 h 30 &#8211; R\u00e9union de l&rsquo;Equipe d&rsquo;Animation Pastorale<\/p>\n<p><b>Mardi 3 mai<\/b><br \/>\n<i>Saint Jacques le mineur<\/i> <br \/> <br \/>\n18 h &#8211; Messe \u00e0 Cr\u00e9cy pour Germaine VERNILLET et Chantal  DUBOIS<\/p>\n<p><b>Mercredi 4 mai<\/b><\/p>\n<p>9 h &#8211;  Messe \u00e0 Cr\u00e9cy pour Mich\u00e8le BOUSQUET et Jean PANHARD<br \/>\n15h30 &#8211; \u00e0 Cr\u00e9cy, obs\u00e8ques d&rsquo;Andr\u00e9 RAOULT .\n<\/div>\n<p><\/font><\/td>\n<td><font color=\"0E0C40\"><\/p>\n<div align=\"center\"><img decoding=\"async\" src=\"\/IMG\/personnes\/jacques_mineur.jpg\" width=250><br \/>\n<i>Saint Jacques le mineur<\/i><\/p>\n<div><\/font><\/td>\n<\/tr>\n<\/tbody>\n<\/table>\n<table bgcolor =\"FFF6F0\" border=0>\n<tbody>\n<tr>\n<td><font color=\"00CC00\"><\/p>\n<div align=\"center\"><img decoding=\"async\" src=\"\/IMG\/lieux\/lourdes09.jpg\" width=250><\/br><br \/>\n<i>L&rsquo;ascension de J\u00e9sus &#8211; Lourdes<\/i>\n<\/div>\n<p><\/font><\/td>\n<td><font color=\"00CC00\"><\/p>\n<div align=\"center\">\n<p><b>Jeudi 5 mai<\/b><br \/>\n<i>Ascension<\/i><\/p>\n<p>10 h 30 &#8211; Messe \u00e0 la Coll\u00e9giale  pour Pierre BOURGET et Fran\u00e7ois de LAUBRIERE;<br \/>\n<br \/>\nMerci de retenir par ailleurs que les messes dominicales ont lieu \u00e0 la Coll\u00e9giale \u00e0 partir de celle de l&rsquo;Ascension jusqu&rsquo;au dimanche 19 juin, jour de la messe d&rsquo;action de gr\u00e2ce de fin d&rsquo;ann\u00e9e pastorale. <\/p>\n<p><b>Vendredi 6 mai<\/b><\/p>\n<p>9 h  Messe \u00e0  Cr\u00e9cy pour Lionel TANGUY et Patrick FARAOULT<br \/>\nde 9 h30  \u00e0 10 h &#8211; Adoration du Saint Sacrement \u00e0 la chapelle de la Vierge.<br \/>\n15 h &#8211; \u00e0 Cr\u00e9cy, obs\u00e8ques de Suzette TENAGUILLO n\u00e9e SCOQUART.\n<\/div>\n<p><\/font><\/td>\n<\/tr>\n<\/tbody>\n<\/table>\n<table bgcolor =\"F0F0F6\" border=0>\n<tbody>\n<tr>\n<td><font color=\"0020FF\"><\/p>\n<div align=\"center\"><b>Samedi 7 mai<\/b><\/p>\n<p>14 h &#8211; Mariage \u00e0 Villiers de Julien RIOLTE et Virginie JOUATEL<\/p>\n<p>18 h 30 &#8211; Messe \u00e0  Villiers pour Genevi\u00e8ve et Pierre-Louis MENON.<br \/>\nNous prierons \u00e9galement pour la famille BOURLOIS et Philippe LEVEQUE<\/p>\n<p><b>Dimanche 8 mai<\/b><br \/> <br \/>\n10 h 30 &#8211; Messe \u00e0  la Coll\u00e9giale pour Olivier LANDRIEUX  et Andr\u00e9 CHAMPIN<\/div>\n<p><\/font><\/td>\n<td><font color=\"0020FF\"><\/p>\n<div align=\"center\"><img decoding=\"async\" src=\"\/IMG\/lieux\/villiers_eglise2.jpg\" width=250><\/div>\n<p><\/font><\/td>\n<\/tr>\n<\/tbody>\n<\/table>\n<\/div>\n","protected":false},"excerpt":{"rendered":"<p>Voici les annonces de la semaine du lundi 2 au dimanche 8 mai 2016 pour la paroisse des 3 clochers Cr\u00e9cy-la-Chapelle, Villiers-sur-Morin, Voulangis. Jeudi 5 \u00e0\u00a0 10 h 30, messe de l&rsquo;Ascension \u00e0\u00a0 la&#46;&#46;&#46;<\/p>\n","protected":false},"author":2,"featured_media":0,"comment_status":"open","ping_status":"open","sticky":false,"template":"","format":"standard","meta":{"footnotes":""},"categories":[],"tags":[],"class_list":["post-983","post","type-post","status-publish","format-standard","hentry"],"_links":{"self":[{"href":"http:\/\/www.chapelle-crecy.com\/index.php?rest_route=\/wp\/v2\/posts\/983","targetHints":{"allow":["GET"]}}],"collection":[{"href":"http:\/\/www.chapelle-crecy.com\/index.php?rest_route=\/wp\/v2\/posts"}],"about":[{"href":"http:\/\/www.chapelle-crecy.com\/index.php?rest_route=\/wp\/v2\/types\/post"}],"author":[{"embeddable":true,"href":"http:\/\/www.chapelle-crecy.com\/index.php?rest_route=\/wp\/v2\/users\/2"}],"replies":[{"embeddable":true,"href":"http:\/\/www.chapelle-crecy.com\/index.php?rest_route=%2Fwp%2Fv2%2Fcomments&post=983"}],"version-history":[{"count":0,"href":"http:\/\/www.chapelle-crecy.com\/index.php?rest_route=\/wp\/v2\/posts\/983\/revisions"}],"wp:attachment":[{"href":"http:\/\/www.chapelle-crecy.com\/index.php?rest_route=%2Fwp%2Fv2%2Fmedia&parent=983"}],"wp:term":[{"taxonomy":"category","embeddable":true,"href":"http:\/\/www.chapelle-crecy.com\/index.php?rest_route=%2Fwp%2Fv2%2Fcategories&post=983"},{"taxonomy":"post_tag","embeddable":true,"href":"http:\/\/www.chapelle-crecy.com\/index.php?rest_route=%2Fwp%2Fv2%2Ftags&post=983"}],"curies":[{"name":"wp","href":"https:\/\/api.w.org\/{rel}","templated":true}]}}