{"id":984,"date":"2016-05-07T21:47:52","date_gmt":"2016-05-07T21:47:52","guid":{"rendered":""},"modified":"-0001-11-30T00:00:00","modified_gmt":"-0001-11-29T22:00:00","slug":"","status":"publish","type":"post","link":"http:\/\/www.chapelle-crecy.com\/?p=984","title":{"rendered":"Annonces du 9 au 15 mai 2016"},"content":{"rendered":"<div align=\"justify\">Voici les annonces de la semaine du lundi 9 au dimanche 15 mai 2016 pour la paroisse des 3 clochers Cr\u00e9cy-la-Chapelle, Villiers-sur-Morin, Voulangis. <\/p>\n<p>Samedi 14 \u00e0\u00a0 18 h 30, messe \u00e0\u00a0 Voulangis,<br \/>\nDimanche 15 mai \u00e0\u00a0 10 h 30, messe \u00e0\u00a0  la Coll\u00e9giale. <\/p>\n<p>Tous les d\u00e9tails dans la suite &#8230;\n<\/p><\/div>\n<div align=\"center\">\n<table bgcolor =\"F0F0F6\" border=0>\n<tbody>\n<td ><font color=\"0E0C40\"><\/p>\n<div align=\"center\"><b>Lundi 9 mai<\/b><br \/>\n<i>Saint Pacome<\/i><br \/>\n17 h &#8211; Messe \u00e0 la Maison de Retraite<\/p>\n<p> <br \/>\n<b>Mardi 10 mai<\/b><br \/>\nPas de messe<\/p>\n<p><b>Mercredi 11 mai<\/b><\/p>\n<p>Pas de messe<\/p><\/div>\n<p><\/font><\/td>\n<td><font color=\"0E0C40\"><\/p>\n<div align=\"center\"><img decoding=\"async\" src=\"\/IMG\/personnes\/pacome.jpg\" width=250><br \/>\n<i>Saint Pacome<\/i><\/div>\n<p><\/font><\/td>\n<\/tr>\n<\/tbody>\n<\/table>\n<table bgcolor =\"FFF6F0\" border=0>\n<tbody>\n<tr>\n<td><font color=\"00CC00\"><\/p>\n<div align=\"center\"><img decoding=\"async\" src=\"\/IMG\/personnes\/fatima.gif\" width=200 ><\/br><br \/>\n<i>ND de Fatima<\/i><\/p>\n<\/div>\n<p><\/font><\/td>\n<td><font color=\"00CC00\"><\/p>\n<div align=\"center\">\n<p><b>Jeudi 12 mai<\/b><\/p>\n<p>11 h &#8211; A Cr\u00e9cy, obs\u00e8ques de Bernard GOURBAUD<br \/>\n18 h &#8211;  Messe \u00e0 Cr\u00e9cy pour Jacqueline KUNTZ et Georges PICARD<br \/>\n20 h &#8211;  A Meaux, Rencontre avec Mgr NAHMIAS de toutes les \u00e9quipes d&rsquo;Animation  Pastorale et des Equipes Missionnaires de P\u00f4le. <\/p>\n<p><b>Vendredi 13 mai<\/b><br \/>\n<i>ND de Fatima<\/i><br \/>\n9 h  Messe \u00e0  Cr\u00e9cy pour  Genevi\u00e8ve FONTERAY et Ren\u00e9e COUTAREL.\n<\/div>\n<p><\/font><\/td>\n<\/tr>\n<\/tbody>\n<\/table>\n<table bgcolor =\"F0F0F6\" border=0>\n<tbody>\n<tr>\n<td><font color=\"0020FF\"><\/p>\n<div align=\"center\"><b>Samedi 14 mai<\/b><\/p>\n<p>16 h &#8211;  A la Coll\u00e9giale : mariage de J\u00e9r\u00e9my PAQUET et Ang\u00e9lique AUFFRAY<br \/>\n18 h 30 &#8211; Messe \u00e0 Voulangis pourSimone MABILLON et Georges  PAQUET<br \/>\n20  h &#8211;  A Voulangis : Veill\u00e9e de Profession de Foi<\/p>\n<p><b>Dimanche 15 mai<\/b><br \/> <br \/>\n10 h 30 &#8211; \u00e0 la Coll\u00e9giale : MESSE DE PROFESSION DE FOI<br \/> <br \/>\nNous prierons aussi pour Christian CAILLOT.\n<\/div>\n<p><\/font><\/td>\n<td><font color=\"0020FF\"><\/p>\n<div align=\"center\"><img decoding=\"async\" src=\"\/IMG\/lieux\/voulangis_eglise4.jpg\" width=250><\/div>\n<p><\/font><\/td>\n<\/tr>\n<\/tbody>\n<\/table>\n<\/div>\n","protected":false},"excerpt":{"rendered":"<p>Voici les annonces de la semaine du lundi 9 au dimanche 15 mai 2016 pour la paroisse des 3 clochers Cr\u00e9cy-la-Chapelle, Villiers-sur-Morin, Voulangis. Samedi 14 \u00e0\u00a0 18 h 30, messe \u00e0\u00a0 Voulangis, Dimanche 15&#46;&#46;&#46;<\/p>\n","protected":false},"author":2,"featured_media":0,"comment_status":"open","ping_status":"open","sticky":false,"template":"","format":"standard","meta":{"footnotes":""},"categories":[],"tags":[],"class_list":["post-984","post","type-post","status-publish","format-standard","hentry"],"_links":{"self":[{"href":"http:\/\/www.chapelle-crecy.com\/index.php?rest_route=\/wp\/v2\/posts\/984","targetHints":{"allow":["GET"]}}],"collection":[{"href":"http:\/\/www.chapelle-crecy.com\/index.php?rest_route=\/wp\/v2\/posts"}],"about":[{"href":"http:\/\/www.chapelle-crecy.com\/index.php?rest_route=\/wp\/v2\/types\/post"}],"author":[{"embeddable":true,"href":"http:\/\/www.chapelle-crecy.com\/index.php?rest_route=\/wp\/v2\/users\/2"}],"replies":[{"embeddable":true,"href":"http:\/\/www.chapelle-crecy.com\/index.php?rest_route=%2Fwp%2Fv2%2Fcomments&post=984"}],"version-history":[{"count":0,"href":"http:\/\/www.chapelle-crecy.com\/index.php?rest_route=\/wp\/v2\/posts\/984\/revisions"}],"wp:attachment":[{"href":"http:\/\/www.chapelle-crecy.com\/index.php?rest_route=%2Fwp%2Fv2%2Fmedia&parent=984"}],"wp:term":[{"taxonomy":"category","embeddable":true,"href":"http:\/\/www.chapelle-crecy.com\/index.php?rest_route=%2Fwp%2Fv2%2Fcategories&post=984"},{"taxonomy":"post_tag","embeddable":true,"href":"http:\/\/www.chapelle-crecy.com\/index.php?rest_route=%2Fwp%2Fv2%2Ftags&post=984"}],"curies":[{"name":"wp","href":"https:\/\/api.w.org\/{rel}","templated":true}]}}