{"id":985,"date":"2016-05-15T15:10:27","date_gmt":"2016-05-15T15:10:27","guid":{"rendered":""},"modified":"-0001-11-30T00:00:00","modified_gmt":"-0001-11-29T22:00:00","slug":"","status":"publish","type":"post","link":"http:\/\/www.chapelle-crecy.com\/?p=985","title":{"rendered":"Annonces du 16 au 22 mai 2016"},"content":{"rendered":"<div align=\"justify\">Voici les annonces de la semaine du lundi 16 au dimanche 2 mai 2016 pour la paroisse des 3 clochers Cr\u00e9cy-la-Chapelle, Villiers-sur-Morin, Voulangis. <\/p>\n<p>Samedi 21 \u00e0\u00a0 18 h 30, messe \u00e0\u00a0 Villiers,<br \/>\nDimanche 22 mai \u00e0\u00a0 10 h 30, messe \u00e0\u00a0  la Coll\u00e9giale. <\/p>\n<p>Tous les d\u00e9tails dans la suite &#8230;\n<\/p><\/div>\n<div align=\"center\">\n<table bgcolor =\"F0F0F6\" border=0>\n<tbody>\n<td ><font color=\"0E0C40\"><\/p>\n<div align=\"center\"><b>Lundi 16 mai<\/b><br \/>\n17 h &#8211; Messe \u00e0 la Maison de Retraite<\/p>\n<p> <br \/>\n<b>Mardi 17 mai<\/b><br \/>\n18 h &#8211; A Cr\u00e9cy, Messe anniversaire pour Christian CORNEAU.<br \/>\nNous prions \u00e9galement pour Maria AZEVEDO.<\/p>\n<p><b>Mercredi 18 mai<\/b><br \/>\n<i>Saint Eric<\/i><br \/>\n9  h &#8211;  Messe \u00e0 Cr\u00e9cy pour Pierre LOUIS , Lucien GORRET et C\u00e9line CHARLES\n<\/div>\n<p><\/font><\/td>\n<td><font color=\"0E0C40\"><\/p>\n<div align=\"center\"><img decoding=\"async\" src=\"\/IMG\/personnes\/eric.jpg\" width=250><br \/>\n<i>Saint Eric<\/i><\/div>\n<p><\/font><\/td>\n<\/tr>\n<\/tbody>\n<\/table>\n<table bgcolor =\"FFF6F0\" border=0>\n<tbody>\n<tr>\n<td><font color=\"00CC00\"><\/p>\n<div align=\"center\"><img decoding=\"async\" src=\"\/IMG\/personnes\/yves.jpg\" width=200 ><\/br><br \/>\n<i>Saint Yves<\/i><\/p>\n<\/div>\n<p><\/font><\/td>\n<td><font color=\"00CC00\"><\/p>\n<div align=\"center\">\n<p><b>Jeudi 19 mai<\/b><br \/>\n<i>Saint Yves<\/i><\/p>\n<p>18 h &#8211;  Messe \u00e0 Cr\u00e9cy pour Claudie SIMON , Pascal DUBUS et Juliette LACOMBE<\/p>\n<p><b>Vendredi 20 mai<\/b><br \/>\n<i>St Bernardin<\/i><\/p>\n<p>9 h  Messe \u00e0  Cr\u00e9cy pour Raymonde LEROUX, Michel DEDIEU  et Denise LEGALL.\n<\/p><\/div>\n<p><\/font><\/td>\n<\/tr>\n<\/tbody>\n<\/table>\n<table bgcolor =\"F0F0F6\" border=0>\n<tbody>\n<tr>\n<td><font color=\"0020FF\"><\/p>\n<div align=\"center\"><b>Samedi 21 mai<\/b><\/p>\n<p>18 h 30 &#8211; Messe \u00e0 Villiers pour  Marc CALONNE et John STEPHENS <\/p>\n<p><b>Dimanche 22 mai<\/b><br \/> <br \/>\n<i>Solennit\u00e9 de la SAINTE TRINITE<\/i><\/p>\n<p>10 h 30 -Messe \u00e0 la Coll\u00e9giale pour Lucette BRASILLIER<br \/> Elle est \u00e9galement c\u00e9l\u00e9br\u00e9e pour Bernard  GOURBAUD, inhum\u00e9 la semaine derni\u00e8re.<br \/>\nNous prierons aussi pour C\u00e9cile TOGNON et Robert ELEGBO.<br \/>\nCes samedi 21 et dimanche 22 : Qu\u00eate sp\u00e9ciale en fin de messe pour la JOURNEE CHRETIENNE DE LA COMMUNICATION.\n<\/div>\n<p><\/font><\/td>\n<td><font color=\"0020FF\"><\/p>\n<div align=\"center\"><img decoding=\"async\" src=\"\/IMG\/lieux\/collegiale10.jpg\" width=250><\/div>\n<p><\/font><\/td>\n<\/tr>\n<\/tbody>\n<\/table>\n<\/div>\n","protected":false},"excerpt":{"rendered":"<p>Voici les annonces de la semaine du lundi 16 au dimanche 2 mai 2016 pour la paroisse des 3 clochers Cr\u00e9cy-la-Chapelle, Villiers-sur-Morin, Voulangis. Samedi 21 \u00e0\u00a0 18 h 30, messe \u00e0\u00a0 Villiers, Dimanche 22&#46;&#46;&#46;<\/p>\n","protected":false},"author":2,"featured_media":0,"comment_status":"open","ping_status":"open","sticky":false,"template":"","format":"standard","meta":{"footnotes":""},"categories":[],"tags":[],"class_list":["post-985","post","type-post","status-publish","format-standard","hentry"],"_links":{"self":[{"href":"http:\/\/www.chapelle-crecy.com\/index.php?rest_route=\/wp\/v2\/posts\/985","targetHints":{"allow":["GET"]}}],"collection":[{"href":"http:\/\/www.chapelle-crecy.com\/index.php?rest_route=\/wp\/v2\/posts"}],"about":[{"href":"http:\/\/www.chapelle-crecy.com\/index.php?rest_route=\/wp\/v2\/types\/post"}],"author":[{"embeddable":true,"href":"http:\/\/www.chapelle-crecy.com\/index.php?rest_route=\/wp\/v2\/users\/2"}],"replies":[{"embeddable":true,"href":"http:\/\/www.chapelle-crecy.com\/index.php?rest_route=%2Fwp%2Fv2%2Fcomments&post=985"}],"version-history":[{"count":0,"href":"http:\/\/www.chapelle-crecy.com\/index.php?rest_route=\/wp\/v2\/posts\/985\/revisions"}],"wp:attachment":[{"href":"http:\/\/www.chapelle-crecy.com\/index.php?rest_route=%2Fwp%2Fv2%2Fmedia&parent=985"}],"wp:term":[{"taxonomy":"category","embeddable":true,"href":"http:\/\/www.chapelle-crecy.com\/index.php?rest_route=%2Fwp%2Fv2%2Fcategories&post=985"},{"taxonomy":"post_tag","embeddable":true,"href":"http:\/\/www.chapelle-crecy.com\/index.php?rest_route=%2Fwp%2Fv2%2Ftags&post=985"}],"curies":[{"name":"wp","href":"https:\/\/api.w.org\/{rel}","templated":true}]}}