{"id":987,"date":"2016-05-20T22:37:14","date_gmt":"2016-05-20T22:37:14","guid":{"rendered":""},"modified":"-0001-11-30T00:00:00","modified_gmt":"-0001-11-29T22:00:00","slug":"","status":"publish","type":"post","link":"http:\/\/www.chapelle-crecy.com\/?p=987","title":{"rendered":"Bapt\u00e8mes lors de la vigile pascale"},"content":{"rendered":"<p>En cette veille de P\u00e2ques nous avons c\u00e9l\u00e9br\u00e9 les Bapt\u00eame, Premi\u00e8re Communion et Confirmation de Sabrya et Corentine.<br \/>\nCi-joint l&rsquo;album photo :<\/p>\n<p>[Album Picasa du 26 mars->https:\/\/picasaweb.google.com\/lh\/sredir?uname=100406574844511086142&#038;target=ALBUM&#038;id=6286818916584774785&#038;authkey=Gv1sRgCMX8kYSN3NPOywE&#038;feat=email]<\/p>\n","protected":false},"excerpt":{"rendered":"<p>En cette veille de P\u00e2ques nous avons c\u00e9l\u00e9br\u00e9 les Bapt\u00eame, Premi\u00e8re Communion et Confirmation de Sabrya et Corentine. Ci-joint l&rsquo;album photo : [Album Picasa du 26 mars->https:\/\/picasaweb.google.com\/lh\/sredir?uname=100406574844511086142&#038;target=ALBUM&#038;id=6286818916584774785&#038;authkey=Gv1sRgCMX8kYSN3NPOywE&#038;feat=email]<\/p>\n","protected":false},"author":2,"featured_media":0,"comment_status":"open","ping_status":"open","sticky":false,"template":"","format":"standard","meta":{"footnotes":""},"categories":[],"tags":[],"class_list":["post-987","post","type-post","status-publish","format-standard","hentry"],"_links":{"self":[{"href":"http:\/\/www.chapelle-crecy.com\/index.php?rest_route=\/wp\/v2\/posts\/987","targetHints":{"allow":["GET"]}}],"collection":[{"href":"http:\/\/www.chapelle-crecy.com\/index.php?rest_route=\/wp\/v2\/posts"}],"about":[{"href":"http:\/\/www.chapelle-crecy.com\/index.php?rest_route=\/wp\/v2\/types\/post"}],"author":[{"embeddable":true,"href":"http:\/\/www.chapelle-crecy.com\/index.php?rest_route=\/wp\/v2\/users\/2"}],"replies":[{"embeddable":true,"href":"http:\/\/www.chapelle-crecy.com\/index.php?rest_route=%2Fwp%2Fv2%2Fcomments&post=987"}],"version-history":[{"count":0,"href":"http:\/\/www.chapelle-crecy.com\/index.php?rest_route=\/wp\/v2\/posts\/987\/revisions"}],"wp:attachment":[{"href":"http:\/\/www.chapelle-crecy.com\/index.php?rest_route=%2Fwp%2Fv2%2Fmedia&parent=987"}],"wp:term":[{"taxonomy":"category","embeddable":true,"href":"http:\/\/www.chapelle-crecy.com\/index.php?rest_route=%2Fwp%2Fv2%2Fcategories&post=987"},{"taxonomy":"post_tag","embeddable":true,"href":"http:\/\/www.chapelle-crecy.com\/index.php?rest_route=%2Fwp%2Fv2%2Ftags&post=987"}],"curies":[{"name":"wp","href":"https:\/\/api.w.org\/{rel}","templated":true}]}}