{"id":988,"date":"2016-05-21T02:38:39","date_gmt":"2016-05-21T02:38:39","guid":{"rendered":""},"modified":"-0001-11-30T00:00:00","modified_gmt":"-0001-11-29T22:00:00","slug":"","status":"publish","type":"post","link":"http:\/\/www.chapelle-crecy.com\/?p=988","title":{"rendered":"Le samedi 4 juin \u00e0\u00a0 17h00  grand voyage musical de la Renaissance \u00e0\u00a0 nos jours en l&rsquo;\u00e9glise Saint Denis de Quincy-Voisins (et non \u00e0\u00a0 Cr\u00e9cy !)"},"content":{"rendered":"<div align=\"justify\">Initialement pr\u00e9vu \u00e0\u00a0 la Cath\u00e9drale de Meaux, puis \u00e0\u00a0 la Coll\u00e9giale (en raison d&rsquo;un probl\u00e8me de calendrier de la cath\u00e9drale), et puis, suite aux r\u00e9centes intemp\u00e9ries, ce concert sera finalement accueilli en l&rsquo;\u00e9glise Saint Denis de Quincy-Voisins.<br \/>\nLa chorale \u00ab\u00a0Gaudeamus\u00a0\u00bb se produira prochainement dans les cath\u00e9drales de Chartres et de Paris.<\/p>\n<p>C&rsquo;est dire la qualit\u00e9 des prestations que r\u00e9aliseront devant les groupes vocaux GAUDEAMUS et AMICROCHES. La Coll\u00e9giale a r\u00e9ouvert ses portes depuis le jeudi de l&rsquo;Ascension pour le plus grand bonheur de nos yeux, de nos oreilles et de nos  mes &#8230;<\/p>\n<div align=\"center\"><img decoding=\"async\" src=\"\/IMG\/jpg\/concert-1.jpg\" width=450><\/div>\n<div align=\"center\"><img decoding=\"async\" src=\"\/IMG\/jpg\/concert-2.jpg\" width=450><\/div>\n<\/div>\n","protected":false},"excerpt":{"rendered":"<p>Initialement pr\u00e9vu \u00e0\u00a0 la Cath\u00e9drale de Meaux, puis \u00e0\u00a0 la Coll\u00e9giale (en raison d&rsquo;un probl\u00e8me de calendrier de la cath\u00e9drale), et puis, suite aux r\u00e9centes intemp\u00e9ries, ce concert sera finalement accueilli en l&rsquo;\u00e9glise Saint&#46;&#46;&#46;<\/p>\n","protected":false},"author":2,"featured_media":0,"comment_status":"open","ping_status":"open","sticky":false,"template":"","format":"standard","meta":{"footnotes":""},"categories":[],"tags":[],"class_list":["post-988","post","type-post","status-publish","format-standard","hentry"],"_links":{"self":[{"href":"http:\/\/www.chapelle-crecy.com\/index.php?rest_route=\/wp\/v2\/posts\/988","targetHints":{"allow":["GET"]}}],"collection":[{"href":"http:\/\/www.chapelle-crecy.com\/index.php?rest_route=\/wp\/v2\/posts"}],"about":[{"href":"http:\/\/www.chapelle-crecy.com\/index.php?rest_route=\/wp\/v2\/types\/post"}],"author":[{"embeddable":true,"href":"http:\/\/www.chapelle-crecy.com\/index.php?rest_route=\/wp\/v2\/users\/2"}],"replies":[{"embeddable":true,"href":"http:\/\/www.chapelle-crecy.com\/index.php?rest_route=%2Fwp%2Fv2%2Fcomments&post=988"}],"version-history":[{"count":0,"href":"http:\/\/www.chapelle-crecy.com\/index.php?rest_route=\/wp\/v2\/posts\/988\/revisions"}],"wp:attachment":[{"href":"http:\/\/www.chapelle-crecy.com\/index.php?rest_route=%2Fwp%2Fv2%2Fmedia&parent=988"}],"wp:term":[{"taxonomy":"category","embeddable":true,"href":"http:\/\/www.chapelle-crecy.com\/index.php?rest_route=%2Fwp%2Fv2%2Fcategories&post=988"},{"taxonomy":"post_tag","embeddable":true,"href":"http:\/\/www.chapelle-crecy.com\/index.php?rest_route=%2Fwp%2Fv2%2Ftags&post=988"}],"curies":[{"name":"wp","href":"https:\/\/api.w.org\/{rel}","templated":true}]}}