{"id":989,"date":"2016-05-21T20:59:58","date_gmt":"2016-05-21T20:59:58","guid":{"rendered":""},"modified":"-0001-11-30T00:00:00","modified_gmt":"-0001-11-29T22:00:00","slug":"","status":"publish","type":"post","link":"http:\/\/www.chapelle-crecy.com\/?p=989","title":{"rendered":"Annonces du 23 au 29 mai 2016"},"content":{"rendered":"<div align=\"justify\">Voici les annonces de la semaine du lundi 23 au dimanche 29 mai 2016 pour la paroisse des 3 clochers Cr\u00e9cy-la-Chapelle, Villiers-sur-Morin, Voulangis. <\/p>\n<p>Samedi 28 \u00e0\u00a0 18 h 30, messe \u00e0\u00a0 Voulangis,<br \/>\nDimanche 29 mai \u00e0\u00a0 10 h 30, messe \u00e0\u00a0  la Coll\u00e9giale. <\/p>\n<p>Tous les d\u00e9tails dans la suite &#8230;\n<\/p><\/div>\n<div align=\"center\">\n<table bgcolor =\"F0F0F6\" border=0>\n<tbody>\n<td ><font color=\"0E0C40\"><\/p>\n<div align=\"center\"><b>Lundi 23 mai<\/b><br \/>\n<i>Saint Didier<\/i><br \/>\n17 h &#8211; C\u00e9l\u00e9bration  \u00e0 la Maison de Retraite.<\/p>\n<p> <br \/>\n<b>Mardi 24 mai<\/b><br \/>\n18 h &#8211; Messe \u00e0 Cr\u00e9cy  pour Claudine GROSJEAN et Mich\u00e8le HAESE.<\/p>\n<p><b>Mercredi 25 mai<\/b><br \/>\n9  h &#8211;  Messe \u00e0 Cr\u00e9cy pour  Nelly DELORAINE et Andr\u00e9 SALTEL.\n<\/div>\n<p><\/font><\/td>\n<td><font color=\"0E0C40\"><\/p>\n<div align=\"center\"><img decoding=\"async\" src=\"\/IMG\/personnes\/didier.jpg\" width=250><br \/>\n<i>Saint Didier<\/i><\/div>\n<p><\/font><\/td>\n<\/tr>\n<\/tbody>\n<\/table>\n<table bgcolor =\"FFF6F0\" border=0>\n<tbody>\n<tr>\n<td><font color=\"00CC00\"><\/p>\n<div align=\"center\"><img decoding=\"async\" src=\"\/IMG\/personnes\/augustin_cantorbery.jpg\" width=200 ><\/br><br \/>\n<i>Saint Augustin de Cantorbery<\/i><\/p>\n<\/div>\n<p><\/font><\/td>\n<td><font color=\"00CC00\"><\/p>\n<div align=\"center\">\n<p><b>Jeudi 26 mai<\/b><br \/>\n18 h &#8211;  Messe \u00e0 Cr\u00e9cy pour Yvette VALLEE et Marianne BENVENUTI.<\/p>\n<p><b>Vendredi 27 mai<\/b><br \/>\n<i>Saint Augustin de Cantorbery<\/i><br \/>\n9 h  Messe \u00e0 Cr\u00e9cy pour Simone MABILLON, Gilbert BERLINGUEZ et Philippe CABARET.<br \/>\n20 h 30 &#8211; \u00e0 l&rsquo;\u00e9glise d&rsquo;Esbly : Conf\u00e9rence du P\u00e8re Alain BANDELIER : \u00ab\u00a0Marthe ROBIN, t\u00e9moin de la Mis\u00e9ricorde.\n<\/div>\n<p><\/font><\/td>\n<\/tr>\n<\/tbody>\n<\/table>\n<table bgcolor =\"F0F0F6\" border=0>\n<tbody>\n<tr>\n<td><font color=\"0020FF\"><\/p>\n<div align=\"center\"><b>Samedi 28 mai<\/b><\/p>\n<p>18 h 30 &#8211; Messe \u00e0 Voulangis pour Maryvonne MATHONNET,  Janine DELAVENA et Jean-Charles POTEL &#8211; Bapt\u00eame de Baptiste DARCHE.<\/p>\n<p><b>Dimanche 29 mai<\/b><br \/> <br \/>\n<i>Solennit\u00e9 du SAINT SACREMENT<br \/>\n10 h 30 -Messe \u00e0 la Coll\u00e9giale R\u00e9gine MEUNIER et Rose-Marie DECOUTTERE &#8211; Nous c\u00e9l\u00e8brerons aussi la Premi\u00e8re Communion de jeunes cat\u00e9chum\u00e8nes.\n<\/div>\n<p><\/font><\/td>\n<td><font color=\"0020FF\"><\/p>\n<div align=\"center\"><img decoding=\"async\" src=\"\/IMG\/lieux\/collegiale3.jpg\" width=250><\/div>\n<p><\/font><\/td>\n<\/tr>\n<\/tbody>\n<\/table>\n<\/div>\n","protected":false},"excerpt":{"rendered":"<p>Voici les annonces de la semaine du lundi 23 au dimanche 29 mai 2016 pour la paroisse des 3 clochers Cr\u00e9cy-la-Chapelle, Villiers-sur-Morin, Voulangis. Samedi 28 \u00e0\u00a0 18 h 30, messe \u00e0\u00a0 Voulangis, Dimanche 29&#46;&#46;&#46;<\/p>\n","protected":false},"author":2,"featured_media":0,"comment_status":"open","ping_status":"open","sticky":false,"template":"","format":"standard","meta":{"footnotes":""},"categories":[],"tags":[],"class_list":["post-989","post","type-post","status-publish","format-standard","hentry"],"_links":{"self":[{"href":"http:\/\/www.chapelle-crecy.com\/index.php?rest_route=\/wp\/v2\/posts\/989","targetHints":{"allow":["GET"]}}],"collection":[{"href":"http:\/\/www.chapelle-crecy.com\/index.php?rest_route=\/wp\/v2\/posts"}],"about":[{"href":"http:\/\/www.chapelle-crecy.com\/index.php?rest_route=\/wp\/v2\/types\/post"}],"author":[{"embeddable":true,"href":"http:\/\/www.chapelle-crecy.com\/index.php?rest_route=\/wp\/v2\/users\/2"}],"replies":[{"embeddable":true,"href":"http:\/\/www.chapelle-crecy.com\/index.php?rest_route=%2Fwp%2Fv2%2Fcomments&post=989"}],"version-history":[{"count":0,"href":"http:\/\/www.chapelle-crecy.com\/index.php?rest_route=\/wp\/v2\/posts\/989\/revisions"}],"wp:attachment":[{"href":"http:\/\/www.chapelle-crecy.com\/index.php?rest_route=%2Fwp%2Fv2%2Fmedia&parent=989"}],"wp:term":[{"taxonomy":"category","embeddable":true,"href":"http:\/\/www.chapelle-crecy.com\/index.php?rest_route=%2Fwp%2Fv2%2Fcategories&post=989"},{"taxonomy":"post_tag","embeddable":true,"href":"http:\/\/www.chapelle-crecy.com\/index.php?rest_route=%2Fwp%2Fv2%2Ftags&post=989"}],"curies":[{"name":"wp","href":"https:\/\/api.w.org\/{rel}","templated":true}]}}