{"id":990,"date":"2016-05-28T14:31:52","date_gmt":"2016-05-28T14:31:52","guid":{"rendered":""},"modified":"-0001-11-30T00:00:00","modified_gmt":"-0001-11-29T22:00:00","slug":"","status":"publish","type":"post","link":"http:\/\/www.chapelle-crecy.com\/?p=990","title":{"rendered":"Annonces du 30 mai au 5 juin 2016"},"content":{"rendered":"<div align=\"justify\">Voici les annonces de la semaine du lundi 30 mai au dimanche 5 juin 2016 pour la paroisse des 3 clochers Cr\u00e9cy-la-Chapelle, Villiers-sur-Morin, Voulangis. <\/p>\n<p>Samedi 4 \u00e0\u00a0 18 h 30, messe \u00e0\u00a0 Villiers,<br \/>\nDimanche 5 \u00e0\u00a0 10 h 30, messe \u00e0\u00a0  VOULANGIS. <\/p>\n<p>Tous les d\u00e9tails dans la suite &#8230;\n<\/p><\/div>\n<div align=\"center\">\n<table bgcolor =\"F0F0F6\" border=0>\n<tbody>\n<td ><font color=\"0E0C40\"><\/p>\n<div align=\"center\"><b>Lundi 30 mai<\/b><br \/> <br \/>\n<i>Ste Jeanne d&rsquo;Arc<\/i><br \/>\n17 h &#8211; Messe \u00e0 la Maison de Retraite.<\/p>\n<p><b>Mardi 31 mai<\/b><br \/>\n<i>Visitation de la Vierge Marie<\/i><br \/> <br \/>\n18 h &#8211; Messe \u00e0 Cr\u00e9cy pour Henri CORPECHOT, Jean  PANHARD et Henri NARET.\n<\/div>\n<p><\/font><\/td>\n<td><font color=\"0E0C40\"><\/p>\n<div align=\"center\"><img decoding=\"async\" src=\"\/IMG\/personnes\/jeanne_darc.jpg\" width=250><br \/>\n<i>Ste Jeanne d&rsquo;Arc<\/i><\/div>\n<p><\/font><\/td>\n<\/tr>\n<\/tbody>\n<\/table>\n<table bgcolor =\"FFF6F0\" border=0>\n<tbody>\n<tr>\n<td><font color=\"00CC00\"><\/p>\n<div align=\"center\"><img decoding=\"async\" src=\"\/IMG\/personnes\/justin.jpg\" width=200 ><\/br><br \/>\n<i>Saint Justin<\/i><\/p>\n<\/div>\n<p><\/font><\/td>\n<td><font color=\"00CC00\"><\/p>\n<div align=\"center\">\n<b>Mercredi 1er juin<\/b><br \/>\n<i>Saint Justin<\/i><\/p>\n<p>9  h &#8211;  Messe \u00e0 Cr\u00e9cy pour Pierre BOURGET, Mich\u00e8le  BOUSQUET et Claude DELAGE.<\/p>\n<p><b>Jeudi 2 juin<\/b><br \/>\n<i>Sts Martyrs de Lyon<\/i><br \/> <br \/>\n18 h &#8211;  Messe \u00e0 Cr\u00e9cy pour Martine GRAVADE, Olivier LANDRIEUX et  Patrick MENSAH.<\/p>\n<p><b>Vendredi 3 juin<\/b><br \/>\n<i>Solennit\u00e9 du SACRE COEUR DE JESUS<\/i><br \/>\n9 h  A Cr\u00e9cy, messe anniversaire pour Raymonde et Jean LEROUX.<br \/>\n9 h 30 &#8211; Adoration du Saint Sacrement.\n<\/div>\n<p><\/font><\/td>\n<\/tr>\n<\/tbody>\n<\/table>\n<table bgcolor =\"F0F0F6\" border=0>\n<tbody>\n<tr>\n<td><font color=\"0020FF\"><\/p>\n<div align=\"center\"><b>Samedi 4 juin<\/b><br \/>\n<i>  Coeur Immacul\u00e9 de Marie <\/i><br \/> <br \/>\n18 h 30 &#8211; Messe \u00e0 Villiers  pour Paulette LOINTIER et Jean MARTINAND.<br \/>\nBapt\u00eame d&rsquo;Antoine  DE ARAUJO.<\/p>\n<p><b>Dimanche 5 juin<\/b><br \/> <br \/>\n10 h 30 &#8211; En raison des intemp\u00e9ries, exceptionnellement la messe initialement pr\u00e9vue \u00e0 la Coll\u00e9giale sera c\u00e9l\u00e9br\u00e9e \u00e0 St Pierre de Voulangis pour Fran\u00e7ois de LAUBRIERE, Roger DUFAUX et Enzo CARLI.<br \/> Nous c\u00e9l\u00e9brerons aussi le Bapt\u00eame et la Premi\u00e8re Communion de plusieurs enfants : Madison, Marie, Louis, Matthieu et Th\u00e9o.<\/p>\n<\/div>\n<p><\/font><\/td>\n<td><font color=\"0020FF\"><\/p>\n<div align=\"center\"><img decoding=\"async\" src=\"\/IMG\/lieux\/collegiale4.jpg\" width=250><\/div>\n<p><\/font><\/td>\n<\/tr>\n<\/tbody>\n<\/table>\n<\/div>\n","protected":false},"excerpt":{"rendered":"<p>Voici les annonces de la semaine du lundi 30 mai au dimanche 5 juin 2016 pour la paroisse des 3 clochers Cr\u00e9cy-la-Chapelle, Villiers-sur-Morin, Voulangis. Samedi 4 \u00e0\u00a0 18 h 30, messe \u00e0\u00a0 Villiers, Dimanche&#46;&#46;&#46;<\/p>\n","protected":false},"author":2,"featured_media":0,"comment_status":"open","ping_status":"open","sticky":false,"template":"","format":"standard","meta":{"footnotes":""},"categories":[],"tags":[],"class_list":["post-990","post","type-post","status-publish","format-standard","hentry"],"_links":{"self":[{"href":"http:\/\/www.chapelle-crecy.com\/index.php?rest_route=\/wp\/v2\/posts\/990","targetHints":{"allow":["GET"]}}],"collection":[{"href":"http:\/\/www.chapelle-crecy.com\/index.php?rest_route=\/wp\/v2\/posts"}],"about":[{"href":"http:\/\/www.chapelle-crecy.com\/index.php?rest_route=\/wp\/v2\/types\/post"}],"author":[{"embeddable":true,"href":"http:\/\/www.chapelle-crecy.com\/index.php?rest_route=\/wp\/v2\/users\/2"}],"replies":[{"embeddable":true,"href":"http:\/\/www.chapelle-crecy.com\/index.php?rest_route=%2Fwp%2Fv2%2Fcomments&post=990"}],"version-history":[{"count":0,"href":"http:\/\/www.chapelle-crecy.com\/index.php?rest_route=\/wp\/v2\/posts\/990\/revisions"}],"wp:attachment":[{"href":"http:\/\/www.chapelle-crecy.com\/index.php?rest_route=%2Fwp%2Fv2%2Fmedia&parent=990"}],"wp:term":[{"taxonomy":"category","embeddable":true,"href":"http:\/\/www.chapelle-crecy.com\/index.php?rest_route=%2Fwp%2Fv2%2Fcategories&post=990"},{"taxonomy":"post_tag","embeddable":true,"href":"http:\/\/www.chapelle-crecy.com\/index.php?rest_route=%2Fwp%2Fv2%2Ftags&post=990"}],"curies":[{"name":"wp","href":"https:\/\/api.w.org\/{rel}","templated":true}]}}