{"id":991,"date":"2016-06-06T23:09:55","date_gmt":"2016-06-06T23:09:55","guid":{"rendered":""},"modified":"-0001-11-30T00:00:00","modified_gmt":"-0001-11-29T22:00:00","slug":"","status":"publish","type":"post","link":"http:\/\/www.chapelle-crecy.com\/?p=991","title":{"rendered":"Profession de foi \u00e0\u00a0 Cr\u00e9cy &#8211; Pentec\u00f4te 2016"},"content":{"rendered":"<p>Retrouvez les photos de la profession de foi qui a eu lieu le dimanche de Pentec te \u00e0\u00a0 la Coll\u00e9giale : [Profession de foi \u00e0\u00a0 Cr\u00e9cy &#8211; Pentec te 2016 : Album Picasa \u00e0\u00a0 consulter -> https:\/\/picasaweb.google.com\/100406574844511086142\/6290735843910016785?authkey=Gv1sRgCPKpwqKm2ILtBw&#038;feat=content_notification]<\/p>\n","protected":false},"excerpt":{"rendered":"<p>Retrouvez les photos de la profession de foi qui a eu lieu le dimanche de Pentec te \u00e0\u00a0 la Coll\u00e9giale : [Profession de foi \u00e0\u00a0 Cr\u00e9cy &#8211; Pentec te 2016 : Album Picasa \u00e0\u00a0&#46;&#46;&#46;<\/p>\n","protected":false},"author":2,"featured_media":0,"comment_status":"open","ping_status":"open","sticky":false,"template":"","format":"standard","meta":{"footnotes":""},"categories":[],"tags":[],"class_list":["post-991","post","type-post","status-publish","format-standard","hentry"],"_links":{"self":[{"href":"http:\/\/www.chapelle-crecy.com\/index.php?rest_route=\/wp\/v2\/posts\/991","targetHints":{"allow":["GET"]}}],"collection":[{"href":"http:\/\/www.chapelle-crecy.com\/index.php?rest_route=\/wp\/v2\/posts"}],"about":[{"href":"http:\/\/www.chapelle-crecy.com\/index.php?rest_route=\/wp\/v2\/types\/post"}],"author":[{"embeddable":true,"href":"http:\/\/www.chapelle-crecy.com\/index.php?rest_route=\/wp\/v2\/users\/2"}],"replies":[{"embeddable":true,"href":"http:\/\/www.chapelle-crecy.com\/index.php?rest_route=%2Fwp%2Fv2%2Fcomments&post=991"}],"version-history":[{"count":0,"href":"http:\/\/www.chapelle-crecy.com\/index.php?rest_route=\/wp\/v2\/posts\/991\/revisions"}],"wp:attachment":[{"href":"http:\/\/www.chapelle-crecy.com\/index.php?rest_route=%2Fwp%2Fv2%2Fmedia&parent=991"}],"wp:term":[{"taxonomy":"category","embeddable":true,"href":"http:\/\/www.chapelle-crecy.com\/index.php?rest_route=%2Fwp%2Fv2%2Fcategories&post=991"},{"taxonomy":"post_tag","embeddable":true,"href":"http:\/\/www.chapelle-crecy.com\/index.php?rest_route=%2Fwp%2Fv2%2Ftags&post=991"}],"curies":[{"name":"wp","href":"https:\/\/api.w.org\/{rel}","templated":true}]}}