{"id":992,"date":"2017-10-23T15:16:31","date_gmt":"2017-10-23T15:16:31","guid":{"rendered":""},"modified":"-0001-11-30T00:00:00","modified_gmt":"-0001-11-29T22:00:00","slug":"","status":"publish","type":"post","link":"http:\/\/www.chapelle-crecy.com\/?p=992","title":{"rendered":"\u00ab\u00a0Rendez \u00e0\u00a0 C\u00e9sar ce qui est \u00e0\u00a0 C\u00e9sar et \u00e0\u00a0 Dieu ce qui est \u00e0\u00a0 Dieu\u00a0\u00bb"},"content":{"rendered":"<div align=\"justify\">Le Morin est une rivi\u00e8re de nature calme et paisible. Pourtant les eaux sont subitement mont\u00e9 jusqu&rsquo;\u00e0\u00a0 recouvrir les rues et la place du march\u00e9 de la Venise Briarde, dans la nuit de ce funeste mercredi \u00e0\u00a0 jeudi. Tous les commer\u00e7ants ont ferm\u00e9 leur boutique inond\u00e9e et de nombreux cr\u00e9\u00e7ois se sont retrouv\u00e9s entre 20 et 60 cm d&rsquo;eau dans leur rez-de-chauss\u00e9e. Les pompiers, gendarmes, ambulanciers et la municipalit\u00e9 ont \u00e9t\u00e9 exemplaires pour venir en aide aux sinistr\u00e9s. Puis, la d\u00e9crue s&rsquo;est amorc\u00e9e et de nombreuses personnes se sont port\u00e9es volontaires, pour secourir les victimes ou pour les aider \u00e0\u00a0 nettoyer leur sous-sol submerg\u00e9, leur cuisine boueuse, etc. Dans le m\u00eame temps, l&rsquo;\u00e9glise Saint-Georges subissait d&rsquo;importants d\u00e9g ts. De nombreux paroissiens, beaucoup de b\u00e9n\u00e9voles et les services techniques de la ville,  se sont \u00e9galement mobilis\u00e9s, munis d&rsquo;\u00e9ponges, de chiffons, de balais, de sacs poubelles et de beaucoup d&rsquo;\u00e9nergie. Quelle d\u00e9solation \u00e0\u00a0 Cr\u00e9cy en cette premi\u00e8re semaine de juin 2016 ! Le 10 juin 2016, Thierry Briane, coordinateur de l&rsquo;Equipe d&rsquo;Animation Pastorale, \u00e9crivait ceci :  \u00abDans le cadre de nos assurances, l&rsquo;expert est d\u00e9j\u00e0\u00a0 pass\u00e9 pour Saint-Georges, les salles paroissiales et le presbyt\u00e8re. Cela concerne l&rsquo;\u00e9glise surtout pour les chaises, les bancs, certains mobiliers et l&rsquo;orgue qui devra \u00eatre remplac\u00e9e. L&rsquo;\u00e9tude est en cours (devis) []Il est donc fortement probable que nous ne puissions pas r\u00e9-utiliser saint Georges avant longtemps.\u00bb<br \/>\nDepuis ces terribles \u00e9v\u00e8nements qu&rsquo;aucun cr\u00e9\u00e7ois n&rsquo;a oubli\u00e9, un an et demi apr\u00e8s, de l&rsquo;eau est pass\u00e9e sous les ponts  Hier, dimanche 22 octobre, jour de la b\u00e9n\u00e9diction \u00e0\u00a0 l&rsquo;occasion de la r\u00e9-ouverture de l&rsquo;\u00e9glise paroissiale, la municipalit\u00e9 avait choisi de baptiser la place de l&rsquo;\u00e9glise, place Jean Panhard, en hommage au c\u00e9l\u00e8bre industriel cr\u00e9\u00e7ois, conseiller municipal, pr\u00e9sident fondateur de l&rsquo;Association des Mus\u00e9es Automobiles de France (AMAF) entre autres et fid\u00e8le paroissien.<br \/>\nC&rsquo;est donc en pr\u00e9sence de l&rsquo;\u00e9v\u00eaque de Seine-et-Marne, du s\u00e9nateur, du vicaire g\u00e9n\u00e9ral, des conseillers municipaux, du cur\u00e9 de P\u00f4le, des membres de l&rsquo;Equipe d&rsquo;Animation Paroissiale et de toute la paroisse r\u00e9unie, de la famille et amis de Jean Panhard, des gendarmes, des artisans locaux, des commer\u00e7ants, des habitants des communes environnantes et du p\u00e8re Aim\u00e9 qu&rsquo;ont \u00e9t\u00e9 c\u00e9l\u00e9br\u00e9s dans une joie indescriptible ces 2 \u00e9v\u00e8nements marquants pour Cr\u00e9cy : la b\u00e9n\u00e9diction de l&rsquo;\u00e9glise St Georges et l&rsquo;inauguration de la Place Jean Panhard.  <\/p>\n<div align=\"center\"><img decoding=\"async\" src=\"\/IMG\/jpg\/panhard.jpg\" width=450><\/div>\n<p><\/p>\n<div align=\"center\">Jean Panhard aimait \u00e0\u00a0 dire qu&rsquo;il se portait \u00ab\u00a0anormalement bien !\u00a0\u00bb Il a v\u00e9cu jusqu&rsquo;\u00e0\u00a0 l&rsquo; ge de 101 ans.<\/div>\n<\/div>\n<div align=\"justify\">\n<div align=\"center\">\nMot de remerciement de Thierry Briane, lu \u00e0 la fin de la messe<\/div>\n<p> Merci Mgr Nahmias, M. le Vicaire G\u00e9n\u00e9ral, M. le Cur\u00e9 du P\u00f4le, mesdames messieurs les \u00e9lus, M. le S\u00e9nateur, M. le Maire et son \u00e9quipe municipale, paroissiens et paroissiennes, de votre venue et votre pr\u00e9sence pour cette 1\u00e8re c\u00e9l\u00e9bration apr\u00e8s presqu&rsquo;un an  et demi de fermeture de l&rsquo;\u00e9glise Saint Georges. Nous tous sommes dans la joie de pouvoir nous r\u00e9unir en assembl\u00e9e de fid\u00e8les pour vivre notre foi dans cette \u00e9glise,  coeur de la vie paroissiale du secteur.  L&rsquo;eau est un \u00e9l\u00e9ment liturgique fondamental du culte catholique, mais nous avons eu de l&rsquo;eau ici m\u00eame fin mai 2016 plus que nous ne voulions. Merci \u00e0 tous ceux qui ont oeuvr\u00e9 pour effacer toutes les traces du sinistre (la liste serait longue pour remercier chacun et chacune) ; plus qu&rsquo;un simple nettoyage c&rsquo;est une v\u00e9ritable r\u00e9novation qui a \u00e9t\u00e9 r\u00e9alis\u00e9e. Que notre coeur et notre esprit puissent continuer aussi \u00e0 se r\u00e9nover toujours  \u00e0 l&rsquo;image de l&rsquo;\u00e9difice. <\/p>\n<p> Je terminerai mon propos par le constat suivant : que cette date du 22 octobre pour la r\u00e9ouverture de l&rsquo;\u00e9glise est bien opportune ! Car dans 4 jours, ce jeudi 26 octobre, ce sont les 15 ans de sacerdoce de notre cher P\u00e8re Aim\u00e9. Il aurait \u00e9t\u00e9 vraiment dommage que le P\u00e8re Aim\u00e9 ne puisse c\u00e9l\u00e9brer la messe dans l&rsquo;\u00e9glise si proche de son lieu habituel d&rsquo;habitation pour le passage de ses 15 ans de minist\u00e8re.\n<\/p><\/div>\n","protected":false},"excerpt":{"rendered":"<p>Le Morin est une rivi\u00e8re de nature calme et paisible. Pourtant les eaux sont subitement mont\u00e9 jusqu&rsquo;\u00e0\u00a0 recouvrir les rues et la place du march\u00e9 de la Venise Briarde, dans la nuit de ce&#46;&#46;&#46;<\/p>\n","protected":false},"author":2,"featured_media":0,"comment_status":"open","ping_status":"open","sticky":false,"template":"","format":"standard","meta":{"footnotes":""},"categories":[],"tags":[],"class_list":["post-992","post","type-post","status-publish","format-standard","hentry"],"_links":{"self":[{"href":"http:\/\/www.chapelle-crecy.com\/index.php?rest_route=\/wp\/v2\/posts\/992","targetHints":{"allow":["GET"]}}],"collection":[{"href":"http:\/\/www.chapelle-crecy.com\/index.php?rest_route=\/wp\/v2\/posts"}],"about":[{"href":"http:\/\/www.chapelle-crecy.com\/index.php?rest_route=\/wp\/v2\/types\/post"}],"author":[{"embeddable":true,"href":"http:\/\/www.chapelle-crecy.com\/index.php?rest_route=\/wp\/v2\/users\/2"}],"replies":[{"embeddable":true,"href":"http:\/\/www.chapelle-crecy.com\/index.php?rest_route=%2Fwp%2Fv2%2Fcomments&post=992"}],"version-history":[{"count":0,"href":"http:\/\/www.chapelle-crecy.com\/index.php?rest_route=\/wp\/v2\/posts\/992\/revisions"}],"wp:attachment":[{"href":"http:\/\/www.chapelle-crecy.com\/index.php?rest_route=%2Fwp%2Fv2%2Fmedia&parent=992"}],"wp:term":[{"taxonomy":"category","embeddable":true,"href":"http:\/\/www.chapelle-crecy.com\/index.php?rest_route=%2Fwp%2Fv2%2Fcategories&post=992"},{"taxonomy":"post_tag","embeddable":true,"href":"http:\/\/www.chapelle-crecy.com\/index.php?rest_route=%2Fwp%2Fv2%2Ftags&post=992"}],"curies":[{"name":"wp","href":"https:\/\/api.w.org\/{rel}","templated":true}]}}