{"id":993,"date":"2016-06-07T20:18:43","date_gmt":"2016-06-07T20:18:43","guid":{"rendered":""},"modified":"-0001-11-30T00:00:00","modified_gmt":"-0001-11-29T22:00:00","slug":"","status":"publish","type":"post","link":"http:\/\/www.chapelle-crecy.com\/?p=993","title":{"rendered":"Messes de la semaine du 6 au 12 juin"},"content":{"rendered":"<p>Les messes de semaine sont c\u00e9l\u00e9br\u00e9es en l&rsquo;\u00e9glise saint Pierre \u00e0\u00a0 Voulangis le mercredi 8 juin \u00e0\u00a0 9h, le jeudi 9 juin \u00e0\u00a0 18h et le vendredi 10 juin \u00e0\u00a0 9h.<\/p>\n<p>\u00a2 Samedi soir 11 juin, messe \u00e0\u00a0 Voulangis \u00e0\u00a0 18h30<br \/>\n\u00a2 Dimanche matin 12 juin, messe \u00e0\u00a0 la Coll\u00e9giale \u00e0\u00a0 10h30<\/p>\n","protected":false},"excerpt":{"rendered":"<p>Les messes de semaine sont c\u00e9l\u00e9br\u00e9es en l&rsquo;\u00e9glise saint Pierre \u00e0\u00a0 Voulangis le mercredi 8 juin \u00e0\u00a0 9h, le jeudi 9 juin \u00e0\u00a0 18h et le vendredi 10 juin \u00e0\u00a0 9h. \u00a2 Samedi soir&#46;&#46;&#46;<\/p>\n","protected":false},"author":2,"featured_media":0,"comment_status":"open","ping_status":"open","sticky":false,"template":"","format":"standard","meta":{"footnotes":""},"categories":[],"tags":[],"class_list":["post-993","post","type-post","status-publish","format-standard","hentry"],"_links":{"self":[{"href":"http:\/\/www.chapelle-crecy.com\/index.php?rest_route=\/wp\/v2\/posts\/993","targetHints":{"allow":["GET"]}}],"collection":[{"href":"http:\/\/www.chapelle-crecy.com\/index.php?rest_route=\/wp\/v2\/posts"}],"about":[{"href":"http:\/\/www.chapelle-crecy.com\/index.php?rest_route=\/wp\/v2\/types\/post"}],"author":[{"embeddable":true,"href":"http:\/\/www.chapelle-crecy.com\/index.php?rest_route=\/wp\/v2\/users\/2"}],"replies":[{"embeddable":true,"href":"http:\/\/www.chapelle-crecy.com\/index.php?rest_route=%2Fwp%2Fv2%2Fcomments&post=993"}],"version-history":[{"count":0,"href":"http:\/\/www.chapelle-crecy.com\/index.php?rest_route=\/wp\/v2\/posts\/993\/revisions"}],"wp:attachment":[{"href":"http:\/\/www.chapelle-crecy.com\/index.php?rest_route=%2Fwp%2Fv2%2Fmedia&parent=993"}],"wp:term":[{"taxonomy":"category","embeddable":true,"href":"http:\/\/www.chapelle-crecy.com\/index.php?rest_route=%2Fwp%2Fv2%2Fcategories&post=993"},{"taxonomy":"post_tag","embeddable":true,"href":"http:\/\/www.chapelle-crecy.com\/index.php?rest_route=%2Fwp%2Fv2%2Ftags&post=993"}],"curies":[{"name":"wp","href":"https:\/\/api.w.org\/{rel}","templated":true}]}}