{"id":994,"date":"2016-06-12T17:49:09","date_gmt":"2016-06-12T17:49:09","guid":{"rendered":""},"modified":"-0001-11-30T00:00:00","modified_gmt":"-0001-11-29T22:00:00","slug":"","status":"publish","type":"post","link":"http:\/\/www.chapelle-crecy.com\/?p=994","title":{"rendered":"Annonces du 13 au 17 juin 2016"},"content":{"rendered":"<div align=\"justify\">Voici les annonces de la semaine du lundi 13 au dimanche 17 juin 2016 pour la paroisse des 3 clochers Cr\u00e9cy-la-Chapelle, Villiers-sur-Morin, Voulangis. <\/p>\n<p>Samedi 18 \u00e0\u00a0 18 h 30, messe \u00e0\u00a0 Villiers,<br \/>\nDimanche 19 \u00e0\u00a0 10 h 30, messe d&rsquo;action de gr ce \u00e0\u00a0  la Coll\u00e9giale. <\/p>\n<p>Tous les d\u00e9tails dans la suite &#8230;\n<\/p><\/div>\n<div align=\"center\">\n<table bgcolor =\"F0F0F6\" border=0>\n<tbody>\n<td ><font color=\"0E0C40\"><\/p>\n<div align=\"center\"><b>Lundi 13 juin<\/b><\/p>\n<p>17 h &#8211; Messe \u00e0 la Maison de Retraite.<br \/>\n20 h 30 &#8211; R\u00e9union de l&rsquo;Equipe d&rsquo;Animation Pastorale <\/p>\n<p><b>Mardi 14 juin<\/b><br \/>\n9 h &#8211; Messe \u00e0 Voulangis  pour  Simone et Jean BLAVIER, ainsi que pour Jean   PANHARD\n<\/div>\n<p><\/font><\/td>\n<td><font color=\"0E0C40\"><\/p>\n<div align=\"center\"><img decoding=\"async\" src=\"\/IMG\/lieux\/st_georges_inondation5.jpg\" width=250><\/div>\n<p><\/font><\/td>\n<\/tr>\n<\/tbody>\n<\/table>\n<table bgcolor =\"FFF6F0\" border=0>\n<tbody>\n<tr>\n<td><font color=\"00CC00\"><\/p>\n<div align=\"center\"><img decoding=\"async\" src=\"\/IMG\/lieux\/st_georges_inondation2.jpg\" width=300 ><\/p>\n<\/div>\n<p><\/font><\/td>\n<td><font color=\"00CC00\"><\/p>\n<div align=\"center\">\n<b>Jeudi 16 juin<\/b><br \/>\n18 h &#8211; Messe \u00e0 Voulangis pour  Jean et Raymonde LEROUX.<\/p>\n<p><b>Vendredi 17 juin<\/b><br \/>\n9 h &#8211; Messe \u00e0 Voulangis pour Marianne BENVENUTI et Damiano CAVALIERE\n<\/div>\n<p><\/font><\/td>\n<\/tr>\n<\/tbody>\n<\/table>\n<table bgcolor =\"F0F0F6\" border=0>\n<tbody>\n<tr>\n<td><font color=\"0020FF\"><\/p>\n<div align=\"center\"><b>Samedi 18 juin<\/b><br \/>\n16 h &#8211; A la Coll\u00e9giale,  mariage de Vivian HENRY et Elisabeth LANCIAUX<br \/>\n18 h 30 &#8211; Messe \u00e0 Villiers  pour  Juliette LACOMBE Marc CALONNE, Maria AZEVEDO  Ce sera aussi le Bapt\u00eame de Pedro et Timeo ALVES  SAORES.<\/p>\n<p><b>Dimanche 19 juin<\/b><br \/> <br \/>\n10 h 30 &#8211; MESSE D&rsquo;ACTION DE GRACE  \u00e0 la Coll\u00e9giale. Elle sera c\u00e9l\u00e9br\u00e9e pour Yvette VALLEE et Rose Marie DECOUTTERE. A l&rsquo;issue de la c\u00e9l\u00e9bration :  Barbecue  \u00ab\u00a0sorti du panier\u00a0\u00bb derri\u00e8re la Coll\u00e9giale.<\/p>\n<p>A la fin des c\u00e9l\u00e9brations de ces samedi 11  et dimanche 12 juin : QUETE SPECIALE POUR LE DENIER DE SAINT-PIERRE.\n<\/p><\/div>\n<p><\/font><\/td>\n<td><font color=\"0020FF\"><\/p>\n<div align=\"center\"><img decoding=\"async\" src=\"\/IMG\/lieux\/st_georges_inondation1.jpg\" width=250><\/div>\n<p><\/font><\/td>\n<\/tr>\n<\/tbody>\n<\/table>\n<\/div>\n","protected":false},"excerpt":{"rendered":"<p>Voici les annonces de la semaine du lundi 13 au dimanche 17 juin 2016 pour la paroisse des 3 clochers Cr\u00e9cy-la-Chapelle, Villiers-sur-Morin, Voulangis. Samedi 18 \u00e0\u00a0 18 h 30, messe \u00e0\u00a0 Villiers, Dimanche 19&#46;&#46;&#46;<\/p>\n","protected":false},"author":2,"featured_media":0,"comment_status":"open","ping_status":"open","sticky":false,"template":"","format":"standard","meta":{"footnotes":""},"categories":[],"tags":[],"class_list":["post-994","post","type-post","status-publish","format-standard","hentry"],"_links":{"self":[{"href":"http:\/\/www.chapelle-crecy.com\/index.php?rest_route=\/wp\/v2\/posts\/994","targetHints":{"allow":["GET"]}}],"collection":[{"href":"http:\/\/www.chapelle-crecy.com\/index.php?rest_route=\/wp\/v2\/posts"}],"about":[{"href":"http:\/\/www.chapelle-crecy.com\/index.php?rest_route=\/wp\/v2\/types\/post"}],"author":[{"embeddable":true,"href":"http:\/\/www.chapelle-crecy.com\/index.php?rest_route=\/wp\/v2\/users\/2"}],"replies":[{"embeddable":true,"href":"http:\/\/www.chapelle-crecy.com\/index.php?rest_route=%2Fwp%2Fv2%2Fcomments&post=994"}],"version-history":[{"count":0,"href":"http:\/\/www.chapelle-crecy.com\/index.php?rest_route=\/wp\/v2\/posts\/994\/revisions"}],"wp:attachment":[{"href":"http:\/\/www.chapelle-crecy.com\/index.php?rest_route=%2Fwp%2Fv2%2Fmedia&parent=994"}],"wp:term":[{"taxonomy":"category","embeddable":true,"href":"http:\/\/www.chapelle-crecy.com\/index.php?rest_route=%2Fwp%2Fv2%2Fcategories&post=994"},{"taxonomy":"post_tag","embeddable":true,"href":"http:\/\/www.chapelle-crecy.com\/index.php?rest_route=%2Fwp%2Fv2%2Ftags&post=994"}],"curies":[{"name":"wp","href":"https:\/\/api.w.org\/{rel}","templated":true}]}}