{"id":995,"date":"2016-06-15T09:58:53","date_gmt":"2016-06-15T09:58:53","guid":{"rendered":""},"modified":"-0001-11-30T00:00:00","modified_gmt":"-0001-11-29T22:00:00","slug":"","status":"publish","type":"post","link":"http:\/\/www.chapelle-crecy.com\/?p=995","title":{"rendered":"Ce 15 juin c&rsquo;est le premier jour du bac !"},"content":{"rendered":"<div align=\"justify\">Comme des milliers de jeunes partout en France, dans notre secteur \u00e9galement, de nombreux jeunes r\u00e9visent depuis des mois. Aujourd&rsquo;hui, 15 juin, la date fatidique est arriv\u00e9e: c&rsquo;est par la philosophie, que les \u00e9preuves du baccalaur\u00e9at d\u00e9butent. Quelque soit l&rsquo;\u00e9tat d&rsquo;esprit avec lequel toutes nos ch\u00e8res petites t\u00eates blondes abordent ce premier examen, prions St Expedit qui est invoqu\u00e9 pour le succ\u00e8s aux examens ou l&rsquo;intercession dans les affaires pressantes.<\/div>\n<div align=\"justify\">\n PRIERE A SAINT EXPEDIT DANS LES CAUSES URGENTES<\/p>\n<p> Seigneur, qui \u00e9coutez favorablement ceux qui vous prient avec humilit\u00e9, ferveur et confiance, accordez-moi, je vous en supplie, par l&rsquo;intercession de votre Saint Martyr Exp\u00e9dit, la gr\u00e2ce urgente que je sollicite en ce jour. Ayez aussi un regard de tendresse pour les p\u00e9cheurs \u00e0 la veille de para \u00eetre devant votre redoutable tribunal, et faites que la jeunesse chr\u00e9tienne s&rsquo;\u00e9lance avec joie dans la voie royale de vos commandements et de ceux de votre Eglise. Amen.<\/p>\n<p> Qui est saint Exp\u00e9dit ?<\/p>\n<p> Saint Exp\u00e9dit vivait \u00e0 la fin du III\u00e8me si\u00e8cle. Il commandait en chef la XII\u00e8me l\u00e9gion romaine, en Arm\u00e9nie. Il avait donc environ 7000 hommes sous ses ordres.<\/p>\n<p> Cette l\u00e9gion \u00e9tait enti\u00e8rement chr\u00e9tienne et avait \u00e9t\u00e9 surnomm\u00e9e\u00ab Fulminante \u00bb en raison d&rsquo;une victoire miraculeusement obtenue avant que Saint Expedit n&rsquo;en prenne le commandement. Voici les faits : sous le r\u00e8gne de Marc-Aur\u00e8le, pendant la p\u00e9nible campagne de Germanie, l&rsquo;arm\u00e9e romaine, surprise par les Barbares, s&rsquo;\u00e9tait laiss\u00e9 encercler dans un oppidum fortifi\u00e9 de la r\u00e9gion de Quades (nord-est de la Hongrie). La chaleur \u00e9tait accablante. L&rsquo;eau vint \u00e0 manquer et, mourant de soif, les soldats d\u00e9moralis\u00e9s se pr\u00e9paraient \u00e0 mourir. Marc-Aur\u00e8le ordonna que des pri\u00e8res publiques fussent adress\u00e9es aux dieux.<\/p>\n<p> Tandis que le reste de l&rsquo;arm\u00e9e s&rsquo;adonnait \u00e0 cette occupation, la XII\u00e8me l\u00e9gion sortit du camp, s&rsquo;agenouilla dans la plaine et pria avec ferveur le seul vrai Dieu, tout-puissant. L&rsquo;ennemi interdit, n&rsquo;osa attaquer, impressionn\u00e9 par le spectacle inattendu et majestueux de ces 7000 hommes en pri\u00e8re. Remplis de confiance, les soldats, r\u00e9solus \u00e0 se battre jusqu&rsquo;au bout, se relev\u00e8rent et coururent vers les Barbares. A cet instant, une pluie torrentielle se mit \u00e0 tomber. Les l\u00e9gionnaires recueillirent cette eau pr\u00e9cieuse dans leur casque et leur bouclier et burent tout en combattant. Ils sentirent rena \u00eetre leurs forces. De plus, un terrifiant orage \u00e9clata : la foudre et les gr\u00ealons \u00e9normes s&rsquo;abattirent sur les Barbares, \u00e9vitant miraculeusement les chr\u00e9tiens. Finalement l&rsquo;ennemi s&rsquo;enfuit.<\/p>\n<p> Saint Exp\u00e9dit prit par la suite le commandement de cette glorieuse et c\u00e9l\u00e8bre l\u00e9gion et fut martyris\u00e9 pour sa foi dans le Christ le 19 avril 303, flagell\u00e9 jusqu&rsquo;au sang puis d\u00e9capit\u00e9.<\/p>\n<p> Informations :<\/p>\n<p> Saint Exp\u00e9dit est F\u00eat\u00e9 le 19 avril<\/p>\n<p> Les statues et les images le repr\u00e9sentent, jeune l\u00e9gionnaire romain, serrant une croix sur laquelle est \u00e9crit : Hodie (mot latin qui signifie \u00ab aujourd&rsquo;hui \u00bb).<\/p>\n<p> Du pied, il \u00e9crase un corbeau croassant le mot \u00ab Cras \u00bb qui signifie \u00ab demain \u00bb.<\/p>\n<p> Cette devise de Saint Exp\u00e9dit, \u00ab Hodie \u00bb, nous encourage \u00e0 ne pas remettre \u00e0 demain notre conversion et les bonnes actions que Dieu nous demande d&rsquo;accomplir aujourd&rsquo;hui.<\/p>\n<p> Il nous encourage \u00e9galement \u00e0 faire confiance \u00e0 Dieu pour le futur et \u00e0 ne pas nous inqui\u00e9ter du lendemain, du moment que nous faisons ce qui est en notre pouvoir et notre devoir, au jour d&rsquo;aujourd&rsquo;hui.<\/p>\n<p> Saint Exp\u00e9dit, r\u00e9put\u00e9 pour sa rapidit\u00e9 \u00e0 exaucer les pri\u00e8res qui sont conformes \u00e0 la volont\u00e9 de Dieu est sp\u00e9cialement invoqu\u00e9es pour le succ\u00e8s des \u00e9coliers dans les examens, car il est un des saints patrons de la jeunesse. Il interc\u00e8de dans les affaires pressantes, de par la gr\u00e2ce attach\u00e9e \u00e0 son nom m\u00eame (Expeditus = rapide). Enfin, on peut le prier pour \u00e9viter ou r\u00e9soudre les proc\u00e8s, de la fa\u00e7on la plus chr\u00e9tienne possible. Saint Exp\u00e9dit, puissant, g\u00e9n\u00e9reux et prompt peut \u00eatre invoqu\u00e9 pour toute autre intention conforme \u00e0 la volont\u00e9 de Dieu. Il est pri\u00e9 dans toute l&rsquo;Europe.\n<\/p><\/div>\n","protected":false},"excerpt":{"rendered":"<p>Comme des milliers de jeunes partout en France, dans notre secteur \u00e9galement, de nombreux jeunes r\u00e9visent depuis des mois. Aujourd&rsquo;hui, 15 juin, la date fatidique est arriv\u00e9e: c&rsquo;est par la philosophie, que les \u00e9preuves&#46;&#46;&#46;<\/p>\n","protected":false},"author":2,"featured_media":0,"comment_status":"open","ping_status":"open","sticky":false,"template":"","format":"standard","meta":{"footnotes":""},"categories":[],"tags":[],"class_list":["post-995","post","type-post","status-publish","format-standard","hentry"],"_links":{"self":[{"href":"http:\/\/www.chapelle-crecy.com\/index.php?rest_route=\/wp\/v2\/posts\/995","targetHints":{"allow":["GET"]}}],"collection":[{"href":"http:\/\/www.chapelle-crecy.com\/index.php?rest_route=\/wp\/v2\/posts"}],"about":[{"href":"http:\/\/www.chapelle-crecy.com\/index.php?rest_route=\/wp\/v2\/types\/post"}],"author":[{"embeddable":true,"href":"http:\/\/www.chapelle-crecy.com\/index.php?rest_route=\/wp\/v2\/users\/2"}],"replies":[{"embeddable":true,"href":"http:\/\/www.chapelle-crecy.com\/index.php?rest_route=%2Fwp%2Fv2%2Fcomments&post=995"}],"version-history":[{"count":0,"href":"http:\/\/www.chapelle-crecy.com\/index.php?rest_route=\/wp\/v2\/posts\/995\/revisions"}],"wp:attachment":[{"href":"http:\/\/www.chapelle-crecy.com\/index.php?rest_route=%2Fwp%2Fv2%2Fmedia&parent=995"}],"wp:term":[{"taxonomy":"category","embeddable":true,"href":"http:\/\/www.chapelle-crecy.com\/index.php?rest_route=%2Fwp%2Fv2%2Fcategories&post=995"},{"taxonomy":"post_tag","embeddable":true,"href":"http:\/\/www.chapelle-crecy.com\/index.php?rest_route=%2Fwp%2Fv2%2Ftags&post=995"}],"curies":[{"name":"wp","href":"https:\/\/api.w.org\/{rel}","templated":true}]}}