{"id":996,"date":"2016-06-20T09:09:32","date_gmt":"2016-06-20T09:09:32","guid":{"rendered":""},"modified":"-0001-11-30T00:00:00","modified_gmt":"-0001-11-29T22:00:00","slug":"","status":"publish","type":"post","link":"http:\/\/www.chapelle-crecy.com\/?p=996","title":{"rendered":"Annonces du 20 au 26 juin 2016"},"content":{"rendered":"<div align=\"justify\">Voici les annonces de la semaine du lundi 20 au dimanche 26 juin 2016 pour la paroisse des 3 clochers Cr\u00e9cy-la-Chapelle, Villiers-sur-Morin, Voulangis. <\/p>\n<p>Samedi 25 \u00e0\u00a0 18 h 30, messe \u00e0\u00a0 Voulangis,<br \/>\nDimanche 26 \u00e0\u00a0 10 h 30, messe \u00e0\u00a0  la Coll\u00e9giale. <\/p>\n<p>Tous les d\u00e9tails dans la suite &#8230;\n<\/p><\/div>\n<div align=\"center\">\n<table bgcolor =\"F0F0F6\" border=0>\n<tbody>\n<td ><font color=\"0E0C40\"><\/p>\n<div align=\"center\"><b>Lundi 20 juin<\/b><\/p>\n<p>17 h &#8211; C\u00e9l\u00e9bration \u00e0 la Maison de Retraite.<\/p>\n<p><b>Mardi 21 juin<\/b><br \/>\n<i>St Louis de Gonzague<\/i><br \/>\n18  h &#8211; Messe \u00e0 Voulangis  pour Georges PICARD et Jean ROSIER.<\/p>\n<p><b>Mercredi 22 juin<br \/><\/b><br \/>\n9 h &#8211;   Messe \u00e0 Voulangis pour Paulette LOINTIER et Jean MARTINAND.\n<\/div>\n<p><\/font><\/td>\n<td><font color=\"0E0C40\"><\/p>\n<div align=\"center\"><img decoding=\"async\" src=\"\/IMG\/lieux\/st_georges_inondation6.jpg\" width=250><\/div>\n<p><\/font><\/td>\n<\/tr>\n<\/tbody>\n<\/table>\n<table bgcolor =\"FFF6F0\" border=0>\n<tbody>\n<tr>\n<td><font color=\"00CC00\"><\/p>\n<div align=\"center\"><img decoding=\"async\" src=\"\/IMG\/lieux\/st_georges_inondation3.jpg\" width=300 ><\/p>\n<\/div>\n<p><\/font><\/td>\n<td><font color=\"00CC00\"><\/p>\n<div align=\"center\">\n<b>Jeudi 23 juin<\/b><br \/>\n18 h &#8211; Messe \u00e0 Voulangis pour  Michelle HAESE, Henri NARET et Jacqueline KUNTZ.<\/p>\n<p><b>Vendredi 24 juin<\/b><br \/>\n<i>Nativit\u00e9 de St Jean Baptiste<\/i><br \/>\n9 h &#8211; Messe \u00e0 Voulangis  Jean-Claude SIMON et Nelly DELORAINE\n<\/div>\n<p><\/font><\/td>\n<\/tr>\n<\/tbody>\n<\/table>\n<table bgcolor =\"F0F0F6\" border=0>\n<tbody>\n<tr>\n<td><font color=\"0020FF\"><\/p>\n<div align=\"center\"><b>Samedi 25 juin<\/b><br \/>\n18 h 30 &#8211; Messe \u00e0 Voulangis   pour Georges PAQUET et Bernard GOURBAUD.<br \/>\nPremi\u00e8re Communion de Florian et Camille.<\/p>\n<p><b>Dimanche 26 juin<\/b><br \/> <br \/>\n10 h 30 &#8211; Messe \u00e0 la Coll\u00e9giale pour Marie-Louise POUTONNET et Fran\u00e7ois de LAUBRIERE. Bapt\u00eame de Loghan CHAUVEAU, ainsi que William et Tristan MORIN. Ce sera \u00e9galement la Premi\u00e8re Communion de Francky et Dennys.\n<\/div>\n<p><\/font><\/td>\n<td><font color=\"0020FF\"><\/p>\n<div align=\"center\"><img decoding=\"async\" src=\"\/IMG\/lieux\/st_georges_inondation4.jpg\" width=250><\/div>\n<p><\/font><\/td>\n<\/tr>\n<\/tbody>\n<\/table>\n<\/div>\n","protected":false},"excerpt":{"rendered":"<p>Voici les annonces de la semaine du lundi 20 au dimanche 26 juin 2016 pour la paroisse des 3 clochers Cr\u00e9cy-la-Chapelle, Villiers-sur-Morin, Voulangis. Samedi 25 \u00e0\u00a0 18 h 30, messe \u00e0\u00a0 Voulangis, Dimanche 26&#46;&#46;&#46;<\/p>\n","protected":false},"author":2,"featured_media":0,"comment_status":"open","ping_status":"open","sticky":false,"template":"","format":"standard","meta":{"footnotes":""},"categories":[],"tags":[],"class_list":["post-996","post","type-post","status-publish","format-standard","hentry"],"_links":{"self":[{"href":"http:\/\/www.chapelle-crecy.com\/index.php?rest_route=\/wp\/v2\/posts\/996","targetHints":{"allow":["GET"]}}],"collection":[{"href":"http:\/\/www.chapelle-crecy.com\/index.php?rest_route=\/wp\/v2\/posts"}],"about":[{"href":"http:\/\/www.chapelle-crecy.com\/index.php?rest_route=\/wp\/v2\/types\/post"}],"author":[{"embeddable":true,"href":"http:\/\/www.chapelle-crecy.com\/index.php?rest_route=\/wp\/v2\/users\/2"}],"replies":[{"embeddable":true,"href":"http:\/\/www.chapelle-crecy.com\/index.php?rest_route=%2Fwp%2Fv2%2Fcomments&post=996"}],"version-history":[{"count":0,"href":"http:\/\/www.chapelle-crecy.com\/index.php?rest_route=\/wp\/v2\/posts\/996\/revisions"}],"wp:attachment":[{"href":"http:\/\/www.chapelle-crecy.com\/index.php?rest_route=%2Fwp%2Fv2%2Fmedia&parent=996"}],"wp:term":[{"taxonomy":"category","embeddable":true,"href":"http:\/\/www.chapelle-crecy.com\/index.php?rest_route=%2Fwp%2Fv2%2Fcategories&post=996"},{"taxonomy":"post_tag","embeddable":true,"href":"http:\/\/www.chapelle-crecy.com\/index.php?rest_route=%2Fwp%2Fv2%2Ftags&post=996"}],"curies":[{"name":"wp","href":"https:\/\/api.w.org\/{rel}","templated":true}]}}