{"id":997,"date":"2016-06-20T15:21:04","date_gmt":"2016-06-20T15:21:04","guid":{"rendered":""},"modified":"-0001-11-30T00:00:00","modified_gmt":"-0001-11-29T22:00:00","slug":"","status":"publish","type":"post","link":"http:\/\/www.chapelle-crecy.com\/?p=997","title":{"rendered":"1\u00e8re communion 2016"},"content":{"rendered":"<div align=\"justify\">En ce dimanche 29 mai, La Coll\u00e9giale accueillait 13 enfants pour leur 1\u00e8re communion. En d\u00e9but de c\u00e9l\u00e9bration furent aussi pr\u00e9sent\u00e9s  4 autres enfants, en pr\u00e9paration de leur bapt\u00eame et 1\u00e8re communion pour le dimanche suivant, le 5 juin, mais en l&rsquo;\u00e9glise saint Pierre de Voulangis, \u00e0\u00a0 cause des inondations qui allaient subvenir dans la semaine entre ces deux dimanches, rendant indisponible la Coll\u00e9giale.<bR><br \/>\nCommunier pour la 1\u00e8re fois \u00e0\u00a0 la table de l&rsquo;Eucharistie, c&rsquo;est manger pour la 1\u00e8re fois le pain qui devient ensuite nourriture \u00e0\u00a0 manger, par le minist\u00e8re du pr\u00eatre. C&rsquo;est surtout pain \u00e0\u00a0 adorer, puisque l&rsquo;Eucharistie, c&rsquo;est J\u00e9sus vivant qui est l\u00e0\u00a0 parmi nous, c&rsquo;est aussi pain \u00e0\u00a0 partager.  Le vin devient \u00e9galement sang du Christ. Recevoir ainsi pour la 1\u00e8re fois le corps et le sang du Christ est donc un engagement fort sur le chemin de foi de ces enfants. <bR><br \/>\nL&rsquo;album-photo mis en ligne par le lien fourni illustre bien la joie pr\u00e9sente tout le long de la c\u00e9l\u00e9bration,  avec l&rsquo;accompagnement musical, tr\u00e8s appr\u00e9ci\u00e9 par l&rsquo;assembl\u00e9e. Quelques photos prises lors de la messe \u00e0\u00a0 Voulangis, envoy\u00e9es par une maman d&rsquo;un des enfants, ont \u00e9t\u00e9 \u00e9galement ins\u00e9r\u00e9es dans l&rsquo;album. L&rsquo;\u00e9quipe de r\u00e9daction la remercie.<\/div>\n<p>Lien vers l&rsquo;album : https:\/\/picasaweb.google.com\/lh\/sredir?uname=100406574844511086142&#038;target=ALBUM&#038;id=6297475925016018049&#038;authkey=Gv1sRgCIKupdWotI3neQ&#038;feat=email  <\/p>\n","protected":false},"excerpt":{"rendered":"<p>En ce dimanche 29 mai, La Coll\u00e9giale accueillait 13 enfants pour leur 1\u00e8re communion. En d\u00e9but de c\u00e9l\u00e9bration furent aussi pr\u00e9sent\u00e9s 4 autres enfants, en pr\u00e9paration de leur bapt\u00eame et 1\u00e8re communion pour le&#46;&#46;&#46;<\/p>\n","protected":false},"author":2,"featured_media":0,"comment_status":"open","ping_status":"open","sticky":false,"template":"","format":"standard","meta":{"footnotes":""},"categories":[],"tags":[],"class_list":["post-997","post","type-post","status-publish","format-standard","hentry"],"_links":{"self":[{"href":"http:\/\/www.chapelle-crecy.com\/index.php?rest_route=\/wp\/v2\/posts\/997","targetHints":{"allow":["GET"]}}],"collection":[{"href":"http:\/\/www.chapelle-crecy.com\/index.php?rest_route=\/wp\/v2\/posts"}],"about":[{"href":"http:\/\/www.chapelle-crecy.com\/index.php?rest_route=\/wp\/v2\/types\/post"}],"author":[{"embeddable":true,"href":"http:\/\/www.chapelle-crecy.com\/index.php?rest_route=\/wp\/v2\/users\/2"}],"replies":[{"embeddable":true,"href":"http:\/\/www.chapelle-crecy.com\/index.php?rest_route=%2Fwp%2Fv2%2Fcomments&post=997"}],"version-history":[{"count":0,"href":"http:\/\/www.chapelle-crecy.com\/index.php?rest_route=\/wp\/v2\/posts\/997\/revisions"}],"wp:attachment":[{"href":"http:\/\/www.chapelle-crecy.com\/index.php?rest_route=%2Fwp%2Fv2%2Fmedia&parent=997"}],"wp:term":[{"taxonomy":"category","embeddable":true,"href":"http:\/\/www.chapelle-crecy.com\/index.php?rest_route=%2Fwp%2Fv2%2Fcategories&post=997"},{"taxonomy":"post_tag","embeddable":true,"href":"http:\/\/www.chapelle-crecy.com\/index.php?rest_route=%2Fwp%2Fv2%2Ftags&post=997"}],"curies":[{"name":"wp","href":"https:\/\/api.w.org\/{rel}","templated":true}]}}