{"id":998,"date":"2016-06-24T19:22:19","date_gmt":"2016-06-24T19:22:19","guid":{"rendered":""},"modified":"-0001-11-30T00:00:00","modified_gmt":"-0001-11-29T22:00:00","slug":"","status":"publish","type":"post","link":"http:\/\/www.chapelle-crecy.com\/?p=998","title":{"rendered":"Annonces du 27 juin au 3 juillet 2016"},"content":{"rendered":"<div align=\"justify\">Voici les annonces de la semaine du lundi 26 juin au dimanche 3 juillet2016 pour la paroisse des 3 clochers Cr\u00e9cy-la-Chapelle, Villiers-sur-Morin, Voulangis. <\/p>\n<p>Samedi 2 : pas de messe le samedi en juillet-aout,<br \/>\nDimanche 3 \u00e0\u00a0 10 h 30, messe \u00e0\u00a0  VILLIERS. <\/p>\n<p>Tous les d\u00e9tails dans la suite &#8230;\n<\/p><\/div>\n<div align=\"center\">\n<table bgcolor =\"F0F0F6\" border=0>\n<tbody>\n<td ><font color=\"0E0C40\"><\/p>\n<div align=\"center\"><b>Lundi 27 juin<\/b><br \/> <br \/>\n<i>Saint Cyrille<\/b><\/p>\n<p>17 h &#8211; Messe \u00e0 la Maison de Retraite.<\/p>\n<p><b>Mardi 28 juin<\/b><br \/>\n<i>St lr\u00e9n\u00e9e, \u00e9v\u00eaque et martyr<\/i><br \/>\n18  h &#8211; Messe \u00e0 Voulangis  pour C\u00e9line CHARLES, Philippe CABARET et Claudie SIMON.<\/p>\n<p><b>Mercredi 29 juin<br \/><\/b><br \/>\n<i>St Pierre et St Paul, Ap\u00f4tres<\/i><br \/>\n9 h &#8211; Messe \u00e0 Voulangis pour Pierre BEAUMONT et Laurence MALAPERT.\n<\/div>\n<p><\/font><\/td>\n<td><font color=\"0E0C40\"><\/p>\n<div align=\"center\"><img decoding=\"async\" src=\"\/IMG\/lieux\/stgeorges22.jpg\" width=250><\/div>\n<p><\/font><\/td>\n<\/tr>\n<\/tbody>\n<\/table>\n<table bgcolor =\"FFF6F0\" border=0>\n<tbody>\n<tr>\n<td><font color=\"00CC00\"><\/p>\n<div align=\"center\"><img decoding=\"async\" src=\"\/IMG\/lieux\/voulangis_eglise4.jpg\" width=300 ><\/p>\n<\/div>\n<p><\/font><\/td>\n<td><font color=\"00CC00\"><\/p>\n<div align=\"center\">\n<b>Jeudi 30 juin<\/b><br \/>\n<i>St Thibault<\/i><br \/>\n18 h &#8211; Messe \u00e0 Voulangis pour Lucette BRASILLIER et Christian CORNEAU.<\/p>\n<p><b>Vendredi 1er juillet<\/b><br \/>\n9 h &#8211; Messe \u00e0 Voulangis pour Raymonde LEROTIX et Genevi\u00e8ve FONTERAY.\n<\/div>\n<p><\/font><\/td>\n<\/tr>\n<\/tbody>\n<\/table>\n<table bgcolor =\"F0F0F6\" border=0>\n<tbody>\n<tr>\n<td><font color=\"0020FF\"><\/p>\n<div align=\"center\"><b>Samedi 2 juillet<\/b><br \/>\nPas de messe anticip\u00e9e durant les mois de juillet et ao\u00fbt.<\/p>\n<p><b>Dimanche 3 juillet<\/b><br \/> <br \/>\n10 h 30 &#8211; Messe a Villiers pour la famille RONDEL et Jean PANHARD.<br \/>\nCe sera \u00e9galement une messe anniversaire pour Claude LABE.<br \/>\n<br \/>Bapt\u00eame de Nathan V\/ATHIER et Elodie KERT.\n<\/div>\n<p><\/font><\/td>\n<td><font color=\"0020FF\"><\/p>\n<div align=\"center\"><img decoding=\"async\" src=\"\/IMG\/lieux\/villiers_eglise.jpg\" width=250><\/div>\n<p><\/font><\/td>\n<\/tr>\n<\/tbody>\n<\/table>\n<\/div>\n","protected":false},"excerpt":{"rendered":"<p>Voici les annonces de la semaine du lundi 26 juin au dimanche 3 juillet2016 pour la paroisse des 3 clochers Cr\u00e9cy-la-Chapelle, Villiers-sur-Morin, Voulangis. Samedi 2 : pas de messe le samedi en juillet-aout, Dimanche&#46;&#46;&#46;<\/p>\n","protected":false},"author":2,"featured_media":0,"comment_status":"open","ping_status":"open","sticky":false,"template":"","format":"standard","meta":{"footnotes":""},"categories":[],"tags":[],"class_list":["post-998","post","type-post","status-publish","format-standard","hentry"],"_links":{"self":[{"href":"http:\/\/www.chapelle-crecy.com\/index.php?rest_route=\/wp\/v2\/posts\/998","targetHints":{"allow":["GET"]}}],"collection":[{"href":"http:\/\/www.chapelle-crecy.com\/index.php?rest_route=\/wp\/v2\/posts"}],"about":[{"href":"http:\/\/www.chapelle-crecy.com\/index.php?rest_route=\/wp\/v2\/types\/post"}],"author":[{"embeddable":true,"href":"http:\/\/www.chapelle-crecy.com\/index.php?rest_route=\/wp\/v2\/users\/2"}],"replies":[{"embeddable":true,"href":"http:\/\/www.chapelle-crecy.com\/index.php?rest_route=%2Fwp%2Fv2%2Fcomments&post=998"}],"version-history":[{"count":0,"href":"http:\/\/www.chapelle-crecy.com\/index.php?rest_route=\/wp\/v2\/posts\/998\/revisions"}],"wp:attachment":[{"href":"http:\/\/www.chapelle-crecy.com\/index.php?rest_route=%2Fwp%2Fv2%2Fmedia&parent=998"}],"wp:term":[{"taxonomy":"category","embeddable":true,"href":"http:\/\/www.chapelle-crecy.com\/index.php?rest_route=%2Fwp%2Fv2%2Fcategories&post=998"},{"taxonomy":"post_tag","embeddable":true,"href":"http:\/\/www.chapelle-crecy.com\/index.php?rest_route=%2Fwp%2Fv2%2Ftags&post=998"}],"curies":[{"name":"wp","href":"https:\/\/api.w.org\/{rel}","templated":true}]}}