{"id":999,"date":"2016-07-01T22:24:49","date_gmt":"2016-07-01T22:24:49","guid":{"rendered":""},"modified":"-0001-11-30T00:00:00","modified_gmt":"-0001-11-29T22:00:00","slug":"","status":"publish","type":"post","link":"http:\/\/www.chapelle-crecy.com\/?p=999","title":{"rendered":"Annonces du 4 au 10 juillet 2016"},"content":{"rendered":"<div align=\"justify\">Voici les annonces de la semaine du lundi 4 au dimanche 10 juillet2016 pour la paroisse des 3 clochers Cr\u00e9cy-la-Chapelle, Villiers-sur-Morin, Voulangis. <\/p>\n<p>Dimanche 10 \u00e0\u00a0 10 h 30, messe \u00e0\u00a0  VOULANGIS. <\/p>\n<p>Tous les d\u00e9tails dans la suite &#8230;\n<\/p><\/div>\n<div align=\"center\">\n<table bgcolor =\"F0F0F6\" border=0>\n<tbody>\n<td ><font color=\"0E0C40\"><\/p>\n<div align=\"center\"><b>Lundi 4 juillet<\/b><\/p>\n<p>14 h 30 &#8211; R\u00e9union de l&rsquo;Equipe du Rosaire chz Mme LOUIS<br \/>\n17 h &#8211; C\u00e9l\u00e9bration \u00e0 la Maison de Retraite<br \/>\n.<\/p>\n<p><b>Mardi 5 juillet<\/b><br \/>\n18  h &#8211; Messe \u00e0 Voulangis pour  Georges PICARD et Henri CORPECHOT.<\/p>\n<p><b>Mercredi 6 juillet<br \/><\/b><br \/>\n<i>Ste Maria GORETTI<\/i><br \/>\n9 h &#8211; Messe \u00e0 Voulangis pour  Michel DEDIEU et Val\u00e9rie SCHULER.<br \/>\n10 30 &#8211; A Villiers, Obs\u00e8ques de Marie-Louise CAIN.\n<\/div>\n<p><\/font><\/td>\n<td><font color=\"0E0C40\"><\/p>\n<div align=\"center\"><img decoding=\"async\" src=\"\/IMG\/personnes\/maria_goretti.jpg\" width=250><br \/>\n<i>Ste Maria GORETTI<\/i><\/div>\n<p><\/font><\/td>\n<\/tr>\n<\/tbody>\n<\/table>\n<table bgcolor =\"FFF6F0\" border=0>\n<tbody>\n<tr>\n<td><font color=\"00CC00\"><\/p>\n<div align=\"center\"><img decoding=\"async\" src=\"\/IMG\/personnes\/aubierge.jpg\" width=250 ><br \/>\n<i>Ste Aubierge<\/i>\n<\/div>\n<p><\/font><\/td>\n<td><font color=\"00CC00\"><\/p>\n<div align=\"center\">\n<b>Jeudi 7 juillet<\/b><br \/>\n<i>Ste Aubierge<\/i><br \/>\n10 h 30 &#8211;  A Villiers, obs\u00e8ques de Pierre MAGNIEZ.<br \/>\n18 h &#8211; Messe \u00e0 Voulangis  pour  Mich\u00e8le HAESE et Mich\u00e8le BOUSQUET.<\/p>\n<p><b>Vendredi 8 juillet<\/b><br \/>\n9 h &#8211; Messe \u00e0 Voulangis pour Pierre LOUIS , Lucien GORRET et Sabine BATARD.\n<\/div>\n<p><\/font><\/td>\n<\/tr>\n<\/tbody>\n<\/table>\n<table bgcolor =\"F0F0F6\" border=0>\n<tbody>\n<tr>\n<td><font color=\"0020FF\"><\/p>\n<div align=\"center\"><b>Samedi 9 juillet<\/b><br \/>\n16 h &#8211;  A la Coll\u00e9giale : Mariage de G\u00e9raldine SEYER et Guillaume SIMONI.<\/p>\n<p>Pas de messe anticip\u00e9e durant les mois de juillet et ao\u00fbt.<\/p>\n<p><b>Dimanche 10 juillet<\/b><br \/> <br \/>\n10 h 30 &#8211; Messe \u00e0 Voulangis  pour  Suzette TENAGUILLO et  Georges PAQUET.\n<\/div>\n<p><\/font><\/td>\n<td><font color=\"0020FF\"><\/p>\n<div align=\"center\"><img decoding=\"async\" src=\"\/IMG\/lieux\/voulangis_eglise4.jpg\" width=250><\/div>\n<p><\/font><\/td>\n<\/tr>\n<\/tbody>\n<\/table>\n<\/div>\n","protected":false},"excerpt":{"rendered":"<p>Voici les annonces de la semaine du lundi 4 au dimanche 10 juillet2016 pour la paroisse des 3 clochers Cr\u00e9cy-la-Chapelle, Villiers-sur-Morin, Voulangis. Dimanche 10 \u00e0\u00a0 10 h 30, messe \u00e0\u00a0 VOULANGIS. Tous les d\u00e9tails&#46;&#46;&#46;<\/p>\n","protected":false},"author":2,"featured_media":0,"comment_status":"open","ping_status":"open","sticky":false,"template":"","format":"standard","meta":{"footnotes":""},"categories":[],"tags":[],"class_list":["post-999","post","type-post","status-publish","format-standard","hentry"],"_links":{"self":[{"href":"http:\/\/www.chapelle-crecy.com\/index.php?rest_route=\/wp\/v2\/posts\/999","targetHints":{"allow":["GET"]}}],"collection":[{"href":"http:\/\/www.chapelle-crecy.com\/index.php?rest_route=\/wp\/v2\/posts"}],"about":[{"href":"http:\/\/www.chapelle-crecy.com\/index.php?rest_route=\/wp\/v2\/types\/post"}],"author":[{"embeddable":true,"href":"http:\/\/www.chapelle-crecy.com\/index.php?rest_route=\/wp\/v2\/users\/2"}],"replies":[{"embeddable":true,"href":"http:\/\/www.chapelle-crecy.com\/index.php?rest_route=%2Fwp%2Fv2%2Fcomments&post=999"}],"version-history":[{"count":0,"href":"http:\/\/www.chapelle-crecy.com\/index.php?rest_route=\/wp\/v2\/posts\/999\/revisions"}],"wp:attachment":[{"href":"http:\/\/www.chapelle-crecy.com\/index.php?rest_route=%2Fwp%2Fv2%2Fmedia&parent=999"}],"wp:term":[{"taxonomy":"category","embeddable":true,"href":"http:\/\/www.chapelle-crecy.com\/index.php?rest_route=%2Fwp%2Fv2%2Fcategories&post=999"},{"taxonomy":"post_tag","embeddable":true,"href":"http:\/\/www.chapelle-crecy.com\/index.php?rest_route=%2Fwp%2Fv2%2Ftags&post=999"}],"curies":[{"name":"wp","href":"https:\/\/api.w.org\/{rel}","templated":true}]}}