{"id":10,"date":"2024-02-18T13:41:02","date_gmt":"2024-02-18T12:41:02","guid":{"rendered":"https:\/\/www.chapelle-crecy.com\/?p=10"},"modified":"2024-02-24T15:07:03","modified_gmt":"2024-02-24T14:07:03","slug":"annonces-de-la-semaine-du-19-au-25-fevrier","status":"publish","type":"post","link":"https:\/\/www.chapelle-crecy.com\/?p=10","title":{"rendered":"Annonces de la semaine du 19 au 25 f\u00e9vrier"},"content":{"rendered":"<p><span style=\"color: #ff0000;\">Attention la messe de ce dimanche 25 f\u00e9vrier aura lieu \u00e0 Villiers \u00e0 11h<\/span><\/p>\n<table>\n<tbody>\n<tr>\n<td>Lundi 19 f\u00e9vrier<\/td>\n<td>10 h 30 &#8211; Obs\u00e8ques \u00e0 Cr\u00e9cy de G\u00e9rard ROORYCK<\/td>\n<\/tr>\n<tr>\n<td><\/td>\n<td>14 h 30 &#8211; Obs\u00e8ques \u00e0 Cr\u00e9cy de Paulette CHALOPET<\/td>\n<\/tr>\n<tr>\n<td>Mardi 20 f\u00e9vrier<\/td>\n<td>9 h &#8211; Messe \u00e0 Cr\u00e9cy<\/td>\n<\/tr>\n<tr>\n<td>Jeudi 22 f\u00e9vrier<\/td>\n<td>9 h &#8211; Messe \u00e0 Cr\u00e9cy<\/td>\n<\/tr>\n<tr>\n<td>Vendredi 23 f\u00e9vrier<\/td>\n<td>15 h &#8211; Chemin de Croix \u00e0 Cr\u00e9cy<\/td>\n<\/tr>\n<tr>\n<td><\/td>\n<td>18 h &#8211; Messe \u00e0 Cr\u00e9cy, suivie de l&rsquo;adoration du Saint Sacrement<\/td>\n<\/tr>\n<tr>\n<td>Samedi 24 f\u00e9vrier<\/td>\n<td>18 h 30 &#8211; Messe \u00e0 Voulangis<\/td>\n<\/tr>\n<tr>\n<td>Dimanche 25 f\u00e9vrier<\/td>\n<td>DEUXIEME DIMANCHE DE CAREME<\/td>\n<\/tr>\n<tr>\n<td><\/td>\n<td>11 h<br \/>\n11 h &#8211; Messe \u00e0 <strong><span style=\"color: #ff0000;\">VILLIERS<\/span><\/strong> pour Mme Savishe ARMOOGUM DOOKHAN<\/td>\n<\/tr>\n<tr>\n<td><\/td>\n<td>Messe pour Paulette CHAPOLET et G\u00e9rard ROORYCK inhum\u00e9s cette semaine<\/td>\n<\/tr>\n<\/tbody>\n<\/table>\n","protected":false},"excerpt":{"rendered":"<p>Attention la messe de ce dimanche 25 f\u00e9vrier aura lieu \u00e0 Villiers \u00e0 11h Lundi 19 f\u00e9vrier 10 h 30 &#8211; Obs\u00e8ques \u00e0 Cr\u00e9cy de G\u00e9rard ROORYCK 14 h 30 &#8211; Obs\u00e8ques \u00e0 Cr\u00e9cy&#46;&#46;&#46;<\/p>\n","protected":false},"author":1,"featured_media":0,"comment_status":"open","ping_status":"open","sticky":false,"template":"","format":"standard","meta":{"footnotes":""},"categories":[2],"tags":[],"class_list":["post-10","post","type-post","status-publish","format-standard","hentry","category-annonces"],"_links":{"self":[{"href":"https:\/\/www.chapelle-crecy.com\/index.php?rest_route=\/wp\/v2\/posts\/10","targetHints":{"allow":["GET"]}}],"collection":[{"href":"https:\/\/www.chapelle-crecy.com\/index.php?rest_route=\/wp\/v2\/posts"}],"about":[{"href":"https:\/\/www.chapelle-crecy.com\/index.php?rest_route=\/wp\/v2\/types\/post"}],"author":[{"embeddable":true,"href":"https:\/\/www.chapelle-crecy.com\/index.php?rest_route=\/wp\/v2\/users\/1"}],"replies":[{"embeddable":true,"href":"https:\/\/www.chapelle-crecy.com\/index.php?rest_route=%2Fwp%2Fv2%2Fcomments&post=10"}],"version-history":[{"count":5,"href":"https:\/\/www.chapelle-crecy.com\/index.php?rest_route=\/wp\/v2\/posts\/10\/revisions"}],"predecessor-version":[{"id":1518,"href":"https:\/\/www.chapelle-crecy.com\/index.php?rest_route=\/wp\/v2\/posts\/10\/revisions\/1518"}],"wp:attachment":[{"href":"https:\/\/www.chapelle-crecy.com\/index.php?rest_route=%2Fwp%2Fv2%2Fmedia&parent=10"}],"wp:term":[{"taxonomy":"category","embeddable":true,"href":"https:\/\/www.chapelle-crecy.com\/index.php?rest_route=%2Fwp%2Fv2%2Fcategories&post=10"},{"taxonomy":"post_tag","embeddable":true,"href":"https:\/\/www.chapelle-crecy.com\/index.php?rest_route=%2Fwp%2Fv2%2Ftags&post=10"}],"curies":[{"name":"wp","href":"https:\/\/api.w.org\/{rel}","templated":true}]}}