{"id":1023,"date":"2016-11-05T20:38:37","date_gmt":"2016-11-05T20:38:37","guid":{"rendered":""},"modified":"-0001-11-30T00:00:00","modified_gmt":"-0001-11-29T22:00:00","slug":"","status":"publish","type":"post","link":"https:\/\/www.chapelle-crecy.com\/?p=1023","title":{"rendered":"Annonces du 7 au 13 novembre 2016"},"content":{"rendered":"<div align=\"justify\">Voici les annonces de la semaine du lundi 7 au dimanche 13 novembre 2016 pour la paroisse des 3 clochers Cr\u00e9cy-la-Chapelle, Villiers-sur-Morin, Voulangis. <\/p>\n<p>Vendredi 11 \u00e0\u00a0 11h, messe de l&rsquo;armistice \u00e0\u00a0 Voulangis,<br \/>\nSamedi 12 \u00e0\u00a0 18 h 30, messe \u00e0\u00a0 Voulangis, <br \/>\nDimanche 13 \u00e0\u00a0 10 h 30, messe \u00e0\u00a0 Villiers. <\/p>\n<p>Tous les d\u00e9tails dans la suite &#8230;\n<\/p><\/div>\n<div align=\"center\">\n<table bgcolor =\"F0F0F6\" border=0>\n<tbody>\n<td><font color=\"0E0C40\"><\/p>\n<div align=\"center\"><img decoding=\"async\" src=\"\/IMG\/personnes\/elisabeth_trinite.jpg\" width=250><br \/>\nSainte Elisabeth de la Trinit\u00e9<\/div>\n<p><\/font><\/td>\n<td ><font color=\"0E0C40\"><\/p>\n<div align=\"center\">\n<b>Lundi 7 novembre<\/b><br \/>\n14 h 30 &#8211; R\u00e9union de l&rsquo;Equipe du Rosaire chez Mme LOUIS.<br \/>\n17 h &#8211; C\u00e9l\u00e9bration \u00e0 la Maison de Retraite.<\/p>\n<p><b>Mardi 8 novembre<\/b><br \/>\n18 h &#8211; Messe \u00e0 Voulangis pour Jean-Fran\u00e7ois LE VERT et Olivier LANDRIEUX.<\/p>\n<p><b>Mercredi 9 novembre<\/b><br \/>\n<i>Sainte Elisabeth de la Trinit\u00e9<\/i><br \/>\n9 h  -Messe \u00e0 Voulangis  pour Claudine GROSJEAN et Jean PANHARD.<br \/>\n20 h 30 &#8211; Au presbyt\u00e8re, R\u00e9union de pr\u00e9paration \u00e0 la soir\u00e9e de l&rsquo;amiti\u00e9.\n<\/td>\n<\/tr>\n<\/tbody>\n<\/table>\n<table bgcolor =\"F0F6FA\" border=0>\n<tbody>\n<tr>\n<td><font color=\"AE0F40\"><\/p>\n<div align=\"center\">\n<b>Jeudi 10 novembre<\/b><br \/> <br \/>\n<i>St L\u00e9on le grand, pape<\/i><br \/>\n18 h &#8211;  Messe \u00e0 Voulangis pour Val\u00e9rie SCHULER et Roger DUFAUX.<\/p>\n<p><b>Vendredi 11 novembre<\/b><br \/> <br \/>\n<i>St Martin, \u00e9v\u00eaque de Tours<\/i><br \/>\n11 h &#8211; Messe \u00e0 VOULANGIS &#8211; c\u00e9l\u00e9bration de l&rsquo;armistice 1918.\n<\/div>\n<p><\/font><\/td>\n<td><font color=\"AE0F40\"><\/p>\n<div align=\"center\"><img decoding=\"async\" src=\"\/IMG\/personnes\/martin.jpg\" width=200><br \/><i>Saint Martin<\/i><\/div>\n<p><\/font><\/td>\n<\/tr>\n<\/tbody>\n<\/table>\n<table bgcolor =\"FFF6F0\" border=0>\n<tbody>\n<tr>\n<td><font color=\"00CC00\"><\/p>\n<div align=\"center\"><img decoding=\"async\" src=\"\/IMG\/personnes\/brice.jpg\" width=200 ><br \/>\n<br \/>Saint Brice<\/div>\n<p><\/font><\/td>\n<td><font color=\"00CC00\"><\/p>\n<div align=\"center\">\n<b>Samedi 12 novembre<\/b><br \/>\n18 h 30 Messe \u00e0 Voulangis pour Maryvonne MATHONNET et Georges PAQUET.<\/p>\n<p><b>Dimanche 13 novembre<\/b><br \/> <br \/>\n<i>Saint Brice<\/i><br \/>\n10 h 30 &#8211; Messe \u00e0 Villiers  pour Fran\u00e7ois de LAUBRIERE et Andr\u00e9 CHAMPIN.\n<\/div>\n<p><\/font><\/td>\n<\/tr>\n<\/tbody>\n<\/table>\n<\/div>\n","protected":false},"excerpt":{"rendered":"<p>Voici les annonces de la semaine du lundi 7 au dimanche 13 novembre 2016 pour la paroisse des 3 clochers Cr\u00e9cy-la-Chapelle, Villiers-sur-Morin, Voulangis. Vendredi 11 \u00e0\u00a0 11h, messe de l&rsquo;armistice \u00e0\u00a0 Voulangis, Samedi 12&#46;&#46;&#46;<\/p>\n","protected":false},"author":2,"featured_media":0,"comment_status":"open","ping_status":"open","sticky":false,"template":"","format":"standard","meta":{"footnotes":""},"categories":[],"tags":[],"class_list":["post-1023","post","type-post","status-publish","format-standard","hentry"],"_links":{"self":[{"href":"https:\/\/www.chapelle-crecy.com\/index.php?rest_route=\/wp\/v2\/posts\/1023","targetHints":{"allow":["GET"]}}],"collection":[{"href":"https:\/\/www.chapelle-crecy.com\/index.php?rest_route=\/wp\/v2\/posts"}],"about":[{"href":"https:\/\/www.chapelle-crecy.com\/index.php?rest_route=\/wp\/v2\/types\/post"}],"author":[{"embeddable":true,"href":"https:\/\/www.chapelle-crecy.com\/index.php?rest_route=\/wp\/v2\/users\/2"}],"replies":[{"embeddable":true,"href":"https:\/\/www.chapelle-crecy.com\/index.php?rest_route=%2Fwp%2Fv2%2Fcomments&post=1023"}],"version-history":[{"count":0,"href":"https:\/\/www.chapelle-crecy.com\/index.php?rest_route=\/wp\/v2\/posts\/1023\/revisions"}],"wp:attachment":[{"href":"https:\/\/www.chapelle-crecy.com\/index.php?rest_route=%2Fwp%2Fv2%2Fmedia&parent=1023"}],"wp:term":[{"taxonomy":"category","embeddable":true,"href":"https:\/\/www.chapelle-crecy.com\/index.php?rest_route=%2Fwp%2Fv2%2Fcategories&post=1023"},{"taxonomy":"post_tag","embeddable":true,"href":"https:\/\/www.chapelle-crecy.com\/index.php?rest_route=%2Fwp%2Fv2%2Ftags&post=1023"}],"curies":[{"name":"wp","href":"https:\/\/api.w.org\/{rel}","templated":true}]}}