{"id":1025,"date":"2016-11-15T21:04:11","date_gmt":"2016-11-15T21:04:11","guid":{"rendered":""},"modified":"-0001-11-30T00:00:00","modified_gmt":"-0001-11-29T22:00:00","slug":"","status":"publish","type":"post","link":"https:\/\/www.chapelle-crecy.com\/?p=1025","title":{"rendered":"Journ\u00e9e de r\u00e9collection"},"content":{"rendered":"<p>Pour bien d\u00e9buter l&rsquo;Avent et se pr\u00e9parer \u00e0\u00a0 la naissance de J\u00e9sus, venez participer \u00e0\u00a0 une journ\u00e9e de r\u00e9collection \u00e0\u00a0 la Houssaye mardi 29 novembre.<\/p>\n<div align=\"center\"><img decoding=\"async\" src=\"\/IMG\/jpg\/recollection_2016.jpg\"><\/div>\n<p>Quelques explications sur l&rsquo;avent :<br \/>\nhttp:\/\/st-maurand-st-ame.cathocambrai.com\/page-108134.htm<\/p>\n","protected":false},"excerpt":{"rendered":"<p>Pour bien d\u00e9buter l&rsquo;Avent et se pr\u00e9parer \u00e0\u00a0 la naissance de J\u00e9sus, venez participer \u00e0\u00a0 une journ\u00e9e de r\u00e9collection \u00e0\u00a0 la Houssaye mardi 29 novembre. Quelques explications sur l&rsquo;avent : http:\/\/st-maurand-st-ame.cathocambrai.com\/page-108134.htm<\/p>\n","protected":false},"author":2,"featured_media":0,"comment_status":"open","ping_status":"open","sticky":false,"template":"","format":"standard","meta":{"footnotes":""},"categories":[],"tags":[],"class_list":["post-1025","post","type-post","status-publish","format-standard","hentry"],"_links":{"self":[{"href":"https:\/\/www.chapelle-crecy.com\/index.php?rest_route=\/wp\/v2\/posts\/1025","targetHints":{"allow":["GET"]}}],"collection":[{"href":"https:\/\/www.chapelle-crecy.com\/index.php?rest_route=\/wp\/v2\/posts"}],"about":[{"href":"https:\/\/www.chapelle-crecy.com\/index.php?rest_route=\/wp\/v2\/types\/post"}],"author":[{"embeddable":true,"href":"https:\/\/www.chapelle-crecy.com\/index.php?rest_route=\/wp\/v2\/users\/2"}],"replies":[{"embeddable":true,"href":"https:\/\/www.chapelle-crecy.com\/index.php?rest_route=%2Fwp%2Fv2%2Fcomments&post=1025"}],"version-history":[{"count":0,"href":"https:\/\/www.chapelle-crecy.com\/index.php?rest_route=\/wp\/v2\/posts\/1025\/revisions"}],"wp:attachment":[{"href":"https:\/\/www.chapelle-crecy.com\/index.php?rest_route=%2Fwp%2Fv2%2Fmedia&parent=1025"}],"wp:term":[{"taxonomy":"category","embeddable":true,"href":"https:\/\/www.chapelle-crecy.com\/index.php?rest_route=%2Fwp%2Fv2%2Fcategories&post=1025"},{"taxonomy":"post_tag","embeddable":true,"href":"https:\/\/www.chapelle-crecy.com\/index.php?rest_route=%2Fwp%2Fv2%2Ftags&post=1025"}],"curies":[{"name":"wp","href":"https:\/\/api.w.org\/{rel}","templated":true}]}}