{"id":1034,"date":"2017-01-06T19:36:12","date_gmt":"2017-01-06T19:36:12","guid":{"rendered":""},"modified":"-0001-11-30T00:00:00","modified_gmt":"-0001-11-29T22:00:00","slug":"","status":"publish","type":"post","link":"https:\/\/www.chapelle-crecy.com\/?p=1034","title":{"rendered":"INSCRIPTIONS A L&rsquo;UNIVERSITE DE LA VIE D&rsquo;ALLIANCE VITA"},"content":{"rendered":"<div align=justify>\nA l&rsquo;aube de 2017, et dans la joie de nous former pour porter les promesses de la biopolitique, voici venu le temps de vous inscrire \u00e0\u00a0 l&rsquo;UNIVERSITE DE LA VIE propos\u00e9e par ALLIANCE VITA.<\/p>\n<p>Pour rappel, le cycle de formation aura lieu sur 4 soir\u00e9es les lundis 9, 16, 23 et 30 janvier 2017.<\/p>\n<p>Pour cette ann\u00e9e, la formation propose un passage de la politique vers la BIOpolitique, une politique au service de la vie. En effet, l&rsquo;enjeu cl\u00e9 des ann\u00e9es \u00e0\u00a0 venir est la place de l&rsquo;homme dans la soci\u00e9t\u00e9.<br \/>\nDans le nord de la Seine et Marne, l&rsquo;Universit\u00e9 de la vie aura lieu en priv\u00e9 chez Martine SCHMITT, 19, grande rue &#8211; 77580 Coulommes.<br \/>\nLe th\u00e8me \u00ab Fonder la Biopolitique \u00bb permet de s&rsquo;interroger sur :<br \/>\n \u2122\u00a6 Qu&rsquo;est-ce qui fonde la dignit\u00e9 de l&rsquo;Homme ?<br \/>\n \u2122\u00a6 En quoi notre regard sur l&#8217;embryon fonde-t-il notre regard sur l&rsquo;humanit\u00e9 ?<br \/>\n \u2122\u00a6 Quelle est la place de la famille dans le paysage politique ?<br \/>\n \u2122\u00a6 Comment vivrait le corps social si le corps humain \u00e9tait d\u00e9pass\u00e9 par la technique ?<\/p><\/div>\n<div align=justify>\n Pour rendre possibles des options biopolitiques humaines, les seules dignes de l&rsquo;homme, il faut prendre le temps de se former pour agir ensuite de fa\u00e7on ajust\u00e9e. C&rsquo;est le but de ces quatre soir\u00e9es, qui permettront \u00e0 chacun de r\u00e9fl\u00e9chir et de prendre position personnellement face aux d\u00e9fis humanitaires, politiques et culturels \u00e0 relever.<\/p>\n<p> Inscrivez-vous d\u00e8s maintenant sur<br \/>\nUniversit\u00e9 de la vie priv\u00e9e de Meaux : https:\/\/www.weezevent.com\/meaux-formation-bioethique-privee-2017<br \/>\n ou dans une autre ville ::  www.universitedelavie.fr<\/p>\n<p>Dans la joie de vous recevoir,<\/p>\n<p>Martine SCHMITT<br \/>\navmeaux@gmail.com<br \/>\nResponsable Alliance Vita-Meaux<br \/>\nTel : 0160618069 &#8211; 0607107915\n<\/div>\n","protected":false},"excerpt":{"rendered":"<p>A l&rsquo;aube de 2017, et dans la joie de nous former pour porter les promesses de la biopolitique, voici venu le temps de vous inscrire \u00e0\u00a0 l&rsquo;UNIVERSITE DE LA VIE propos\u00e9e par ALLIANCE VITA.&#46;&#46;&#46;<\/p>\n","protected":false},"author":2,"featured_media":0,"comment_status":"open","ping_status":"open","sticky":false,"template":"","format":"standard","meta":{"footnotes":""},"categories":[],"tags":[],"class_list":["post-1034","post","type-post","status-publish","format-standard","hentry"],"_links":{"self":[{"href":"https:\/\/www.chapelle-crecy.com\/index.php?rest_route=\/wp\/v2\/posts\/1034","targetHints":{"allow":["GET"]}}],"collection":[{"href":"https:\/\/www.chapelle-crecy.com\/index.php?rest_route=\/wp\/v2\/posts"}],"about":[{"href":"https:\/\/www.chapelle-crecy.com\/index.php?rest_route=\/wp\/v2\/types\/post"}],"author":[{"embeddable":true,"href":"https:\/\/www.chapelle-crecy.com\/index.php?rest_route=\/wp\/v2\/users\/2"}],"replies":[{"embeddable":true,"href":"https:\/\/www.chapelle-crecy.com\/index.php?rest_route=%2Fwp%2Fv2%2Fcomments&post=1034"}],"version-history":[{"count":0,"href":"https:\/\/www.chapelle-crecy.com\/index.php?rest_route=\/wp\/v2\/posts\/1034\/revisions"}],"wp:attachment":[{"href":"https:\/\/www.chapelle-crecy.com\/index.php?rest_route=%2Fwp%2Fv2%2Fmedia&parent=1034"}],"wp:term":[{"taxonomy":"category","embeddable":true,"href":"https:\/\/www.chapelle-crecy.com\/index.php?rest_route=%2Fwp%2Fv2%2Fcategories&post=1034"},{"taxonomy":"post_tag","embeddable":true,"href":"https:\/\/www.chapelle-crecy.com\/index.php?rest_route=%2Fwp%2Fv2%2Ftags&post=1034"}],"curies":[{"name":"wp","href":"https:\/\/api.w.org\/{rel}","templated":true}]}}