{"id":106,"date":"2015-10-15T20:49:33","date_gmt":"2015-10-15T20:49:33","guid":{"rendered":""},"modified":"-0001-11-30T00:00:00","modified_gmt":"-0001-11-29T22:00:00","slug":"","status":"publish","type":"post","link":"https:\/\/www.chapelle-crecy.com\/?p=106","title":{"rendered":"Services liturgiques"},"content":{"rendered":"<div align=\"justify\">Les \u00e9quipes liturgiques ont en charge :<br \/>\n&#8211; la pr\u00e9paration des messes et c\u00e9l\u00e9brations.<br \/>\n&#8211; l&rsquo;animation des messes.<br \/>\n&#8211; l&rsquo;accompagnement musical.\n<\/div>\n<table bgcolor =\"F0FAFF\" border=0>\n<tbody>\n<tr>\n<td>\n<div align=\"justify\">\n<b>Equipes liturgiques &#8211; pr\u00e9paration des messes :<\/b><br \/>\nLa coordination est assur\u00e9e par Evelyne Reydel.<\/p>\n<p>\n<b>Accompagnement :<\/b><br \/>\nOrganistes : Lauwrence Chogolou, Beno \u00eet Jochem, Marguerite Beauplat .<\/p>\n<p><b>Pr\u00e9paration des c\u00e9l\u00e9brations \/ Entretien des \u00e9glises :<\/b><\/p>\n<table bgcolor =\"F0FAFF\" border=1>\n<tbody>\n<tr>\n<td>Eglise Saint-Georges et coll\u00e9giale<br \/>Cr\u00e9cy-la-Chapelle<\/td>\n<td>Eglise Saint-Pierre<br \/>Voulangis<\/td>\n<td>Eglise Saint-R\u00e9mi<br \/>Villiers-sur-Morin<\/td>\n<\/tr>\n<tr>\n<td>S. Morel<\/td>\n<td>J. Dupont<\/td>\n<td>A-M Grondin<\/td>\n<\/tr>\n<tr>\n<td>J. Louis<\/td>\n<td>M. Morel<\/td>\n<td>Th. Grondin<\/td>\n<\/tr>\n<tr>\n<td>N. Latieule<\/td>\n<td><\/td>\n<td>C. Robert<\/td>\n<\/tr>\n<tr>\n<td>&nbsp;<\/td>\n<td>&nbsp;<\/td>\n<td>J. Lahaille<\/td>\n<\/tr>\n<\/tbody>\n<\/table>\n<\/div>\n<\/td>\n<\/tr>\n<\/tbody>\n<\/table>\n","protected":false},"excerpt":{"rendered":"<p>Les \u00e9quipes liturgiques ont en charge : &#8211; la pr\u00e9paration des messes et c\u00e9l\u00e9brations. &#8211; l&rsquo;animation des messes. &#8211; l&rsquo;accompagnement musical. Equipes liturgiques &#8211; pr\u00e9paration des messes : La coordination est assur\u00e9e par Evelyne&#46;&#46;&#46;<\/p>\n","protected":false},"author":2,"featured_media":0,"comment_status":"open","ping_status":"open","sticky":false,"template":"","format":"standard","meta":{"footnotes":""},"categories":[],"tags":[],"class_list":["post-106","post","type-post","status-publish","format-standard","hentry"],"_links":{"self":[{"href":"https:\/\/www.chapelle-crecy.com\/index.php?rest_route=\/wp\/v2\/posts\/106","targetHints":{"allow":["GET"]}}],"collection":[{"href":"https:\/\/www.chapelle-crecy.com\/index.php?rest_route=\/wp\/v2\/posts"}],"about":[{"href":"https:\/\/www.chapelle-crecy.com\/index.php?rest_route=\/wp\/v2\/types\/post"}],"author":[{"embeddable":true,"href":"https:\/\/www.chapelle-crecy.com\/index.php?rest_route=\/wp\/v2\/users\/2"}],"replies":[{"embeddable":true,"href":"https:\/\/www.chapelle-crecy.com\/index.php?rest_route=%2Fwp%2Fv2%2Fcomments&post=106"}],"version-history":[{"count":0,"href":"https:\/\/www.chapelle-crecy.com\/index.php?rest_route=\/wp\/v2\/posts\/106\/revisions"}],"wp:attachment":[{"href":"https:\/\/www.chapelle-crecy.com\/index.php?rest_route=%2Fwp%2Fv2%2Fmedia&parent=106"}],"wp:term":[{"taxonomy":"category","embeddable":true,"href":"https:\/\/www.chapelle-crecy.com\/index.php?rest_route=%2Fwp%2Fv2%2Fcategories&post=106"},{"taxonomy":"post_tag","embeddable":true,"href":"https:\/\/www.chapelle-crecy.com\/index.php?rest_route=%2Fwp%2Fv2%2Ftags&post=106"}],"curies":[{"name":"wp","href":"https:\/\/api.w.org\/{rel}","templated":true}]}}