{"id":1063,"date":"2017-06-27T13:52:31","date_gmt":"2017-06-27T13:52:31","guid":{"rendered":""},"modified":"-0001-11-30T00:00:00","modified_gmt":"-0001-11-29T22:00:00","slug":"","status":"publish","type":"post","link":"https:\/\/www.chapelle-crecy.com\/?p=1063","title":{"rendered":"Messe des premi\u00e8res communions 2017 \u00e0\u00a0 la Coll\u00e9giale  le 18 juin"},"content":{"rendered":"<div align=\"justify\">Merveilles que fit pour nous le Seigneur ce dimanche 18 juin o\u00f9 de nombreux enfants de notre secteur de Cr\u00e9cy-la-Chapelle ont fait leur premi\u00e8re communion !<br \/>\nTous magnifiquement v\u00eatus de blanc, ils nous ont \u00e9mus par leur recueillement et leur joie de recevoir J\u00e9sus pour la 1\u00e8re fois.<br \/>\nUn grand merci \u00e0\u00a0 leurs parents qui les ont accompagn\u00e9s dans leur pr\u00e9paration et ont particip\u00e9 \u00e0\u00a0 la beaut\u00e9 de la c\u00e9r\u00e9monie !<br \/>\nUne infinie reconnaissance \u00e0\u00a0 notre pr\u00eatre, aux cat\u00e9chistes et aux animateurs de chant qui, en donnant aux enfants le meilleur d&rsquo;eux-m\u00eames, ont rendu gloire \u00e0\u00a0 Dieu !<br \/>\nNous vous proposons un <a href=\"https:\/\/photos.google.com\/share\/AF1QipPknJ1XAsYPkw4U4DH7IqRJ_IFykPQJyNyOetZHMqUkcrFV5vMHOEJYL0Vmujf1MQ?key=cDhPcllnY05jZHdmV1JwNXJpTmo2SVU3VzNWbGVB\"  target=\"blank\"><u>Retour en images<\/div>\n<p><\/u> de cette magnifique c\u00e9l\u00e9bration pr\u00e9sid\u00e9e par le P\u00e8re Aim\u00e9, toujours aussi rayonnant d&rsquo;amour et communicatif de la Paix du Seigneur.<br \/>\nDans la suite de l&rsquo;article, notez les 2 dates importantes des inscriptions au cat\u00e9,<br \/>\n les samedi 9 septembre et dimanche 10 septembre &#8230;<\/div>\n<div align=\"justify\">\n<p> INSCRIPTIONS CATECHISME &#8211; EVEIL A LA FOI<br \/>\n Paroisse des trois clochers: Cr\u00e9cy-la-Chapelle, Villiers, Voulangis<br \/>\n Pour l&rsquo;ann\u00e9e 2017\/2018<br \/>\n SAMEDI 9 SEPTEMBRE DE 10H \u00e0 12H<br \/>\n La r\u00e9union se tiendra au presbyt\u00e8re de Cr\u00e9cy la Chapelle.<br \/>\n DIMANCHE 10 SEPTEMBRE de 10h \u00e0 18h: les inscriptions seront possibles au Forum des Associations de Cr\u00e9cy-la-Chapelle<br \/>\n Coordinatrice de la cat\u00e9ch\u00e8se Elisabeth : 06 84 90 16 28\n<\/p><\/div>\n","protected":false},"excerpt":{"rendered":"<p>Merveilles que fit pour nous le Seigneur ce dimanche 18 juin o\u00f9 de nombreux enfants de notre secteur de Cr\u00e9cy-la-Chapelle ont fait leur premi\u00e8re communion ! Tous magnifiquement v\u00eatus de blanc, ils nous ont&#46;&#46;&#46;<\/p>\n","protected":false},"author":2,"featured_media":0,"comment_status":"open","ping_status":"open","sticky":false,"template":"","format":"standard","meta":{"footnotes":""},"categories":[],"tags":[],"class_list":["post-1063","post","type-post","status-publish","format-standard","hentry"],"_links":{"self":[{"href":"https:\/\/www.chapelle-crecy.com\/index.php?rest_route=\/wp\/v2\/posts\/1063","targetHints":{"allow":["GET"]}}],"collection":[{"href":"https:\/\/www.chapelle-crecy.com\/index.php?rest_route=\/wp\/v2\/posts"}],"about":[{"href":"https:\/\/www.chapelle-crecy.com\/index.php?rest_route=\/wp\/v2\/types\/post"}],"author":[{"embeddable":true,"href":"https:\/\/www.chapelle-crecy.com\/index.php?rest_route=\/wp\/v2\/users\/2"}],"replies":[{"embeddable":true,"href":"https:\/\/www.chapelle-crecy.com\/index.php?rest_route=%2Fwp%2Fv2%2Fcomments&post=1063"}],"version-history":[{"count":0,"href":"https:\/\/www.chapelle-crecy.com\/index.php?rest_route=\/wp\/v2\/posts\/1063\/revisions"}],"wp:attachment":[{"href":"https:\/\/www.chapelle-crecy.com\/index.php?rest_route=%2Fwp%2Fv2%2Fmedia&parent=1063"}],"wp:term":[{"taxonomy":"category","embeddable":true,"href":"https:\/\/www.chapelle-crecy.com\/index.php?rest_route=%2Fwp%2Fv2%2Fcategories&post=1063"},{"taxonomy":"post_tag","embeddable":true,"href":"https:\/\/www.chapelle-crecy.com\/index.php?rest_route=%2Fwp%2Fv2%2Ftags&post=1063"}],"curies":[{"name":"wp","href":"https:\/\/api.w.org\/{rel}","templated":true}]}}