{"id":1087,"date":"2017-10-04T13:58:00","date_gmt":"2017-10-04T13:58:00","guid":{"rendered":""},"modified":"-0001-11-30T00:00:00","modified_gmt":"-0001-11-29T22:00:00","slug":"","status":"publish","type":"post","link":"https:\/\/www.chapelle-crecy.com\/?p=1087","title":{"rendered":"St Fran\u00e7ois d&rsquo;Assise  f\u00eat\u00e9 le 4 octobre"},"content":{"rendered":"<div align=\"justify\">\nQui n&rsquo;a jamais entendu par de Fran\u00e7ois d&rsquo;Assise?<br \/>\nCe saint qui sait parler aux animaux, qui respecte la nature et la chante, qui vit dans la plus grande pauvret\u00e9 et qui a re\u00e7u les stigmates.<br \/>\n\u00ab\u00a0R\u00e9pare ma maison en ruines,\u00a0\u00bb lui dit le Seigneur dans une vision, alors qu&rsquo;il dissipe la fortune familiale. Fran\u00e7ois pense qu&rsquo;il s&rsquo;agit d&rsquo;une vieille chapelle d\u00e9labr\u00e9e. Il vole dans le magasin de son p\u00e8re &#8230;<\/div>\n<div align=\"justify\">&#8230; des pi\u00e8ces de tissu pour les vendre et acheter du ciment. Le p\u00e8re, furieux, le poursuit en justice et le d\u00e9sh\u00e9rite. Une nouvelle vie commence pour Fran\u00e7ois, qui va jusqu&rsquo;\u00e0 rendre ses habits \u00e0 son p\u00e8re et se retrouve nu devant tout le monde. L&rsquo;\u00e9v\u00eaque, juge de l&rsquo;affaire, sera oblig\u00e9 de le cacher dans sa chape ! A partir de l\u00e0, Fran\u00e7ois m\u00e8ne une vie exemplaire, d\u00e9pouill\u00e9e et joyeuse. On le traite de fou. Qu&rsquo;importe ! Des compagnons se joignent \u00e0 lui. Ainsi naissent les franciscains, pour lesquels il \u00e9crit une r\u00e8gle toujours en vigueur. Avec Claire, il fonde les clarisses. Miracles et prodiges accompagnent ce jeune homme. Il meurt \u00e0 44 ans, en 1226, dans sa ville natale. Il est le patron de l&rsquo;Italie et patron des marchands.<\/p>\n<p> Tir\u00e9 de CNEWSMATIN<\/p>\n<p> &#8212;&#8212;&#8212;&#8212;&#8212;&#8212;&#8212;&#8212;&#8212;&#8212;&#8212;&#8212;  Pri\u00e8re &#8212;&#8212;&#8212;&#8212;&#8212;&#8212;&#8212;&#8212;&#8212;&#8212;&#8212;&#8212;&#8211;<\/p>\n<p> Seigneur, fais de moi un instrument de ta paix,<br \/>\n L\u00e0 o\u00f9 est la haine, que je mette l&rsquo;amour.<br \/>\n L\u00e0 o\u00f9 est l&rsquo;offense, que je mette le pardon.<br \/>\n L\u00e0 o\u00f9 est la discorde, que je mette l&rsquo;union.<br \/>\n L\u00e0 o\u00f9 est l&rsquo;erreur, que je mette la v\u00e9rit\u00e9.<br \/>\n L\u00e0 o\u00f9 est le doute, que je mette la foi.<br \/>\n L\u00e0 o\u00f9 est le d\u00e9sespoir, que je mette l&rsquo;esp\u00e9rance.<br \/>\n L\u00e0 o\u00f9 sont les t\u00e9n\u00e8bres, que je mette la lumi\u00e8re.<br \/>\n L\u00e0 o\u00f9 est la tristesse, que je mette la joie.<\/p>\n<p> O Seigneur, que je ne cherche pas tant \u00e0<br \/>\n \u00eatre consol\u00e9 qu&rsquo;\u00e0 consoler,<br \/>\n \u00e0 \u00eatre compris qu&rsquo;\u00e0 comprendre,<br \/>\n \u00e0 \u00eatre aim\u00e9 qu&rsquo;\u00e0 aimer.<\/p>\n<p> Car c&rsquo;est en se donnant qu&rsquo;on re\u00e7oit,<br \/>\n c&rsquo;est en s&rsquo;oubliant qu&rsquo;on se retrouve,<br \/>\n c&rsquo;est en pardonnant qu&rsquo;on est pardonn\u00e9,<br \/>\n c&rsquo;est en mourant qu&rsquo;on ressuscite \u00e0 l&rsquo;\u00e9ternelle vie.\n<\/p><\/div>\n","protected":false},"excerpt":{"rendered":"<p>Qui n&rsquo;a jamais entendu par de Fran\u00e7ois d&rsquo;Assise? Ce saint qui sait parler aux animaux, qui respecte la nature et la chante, qui vit dans la plus grande pauvret\u00e9 et qui a re\u00e7u les&#46;&#46;&#46;<\/p>\n","protected":false},"author":2,"featured_media":0,"comment_status":"open","ping_status":"open","sticky":false,"template":"","format":"standard","meta":{"footnotes":""},"categories":[],"tags":[],"class_list":["post-1087","post","type-post","status-publish","format-standard","hentry"],"_links":{"self":[{"href":"https:\/\/www.chapelle-crecy.com\/index.php?rest_route=\/wp\/v2\/posts\/1087","targetHints":{"allow":["GET"]}}],"collection":[{"href":"https:\/\/www.chapelle-crecy.com\/index.php?rest_route=\/wp\/v2\/posts"}],"about":[{"href":"https:\/\/www.chapelle-crecy.com\/index.php?rest_route=\/wp\/v2\/types\/post"}],"author":[{"embeddable":true,"href":"https:\/\/www.chapelle-crecy.com\/index.php?rest_route=\/wp\/v2\/users\/2"}],"replies":[{"embeddable":true,"href":"https:\/\/www.chapelle-crecy.com\/index.php?rest_route=%2Fwp%2Fv2%2Fcomments&post=1087"}],"version-history":[{"count":0,"href":"https:\/\/www.chapelle-crecy.com\/index.php?rest_route=\/wp\/v2\/posts\/1087\/revisions"}],"wp:attachment":[{"href":"https:\/\/www.chapelle-crecy.com\/index.php?rest_route=%2Fwp%2Fv2%2Fmedia&parent=1087"}],"wp:term":[{"taxonomy":"category","embeddable":true,"href":"https:\/\/www.chapelle-crecy.com\/index.php?rest_route=%2Fwp%2Fv2%2Fcategories&post=1087"},{"taxonomy":"post_tag","embeddable":true,"href":"https:\/\/www.chapelle-crecy.com\/index.php?rest_route=%2Fwp%2Fv2%2Ftags&post=1087"}],"curies":[{"name":"wp","href":"https:\/\/api.w.org\/{rel}","templated":true}]}}