{"id":1106,"date":"2017-12-22T20:34:37","date_gmt":"2017-12-22T20:34:37","guid":{"rendered":""},"modified":"-0001-11-30T00:00:00","modified_gmt":"-0001-11-29T22:00:00","slug":"","status":"publish","type":"post","link":"https:\/\/www.chapelle-crecy.com\/?p=1106","title":{"rendered":"Annonces du 23 au 31 d\u00e9c. 2017"},"content":{"rendered":"<div align=\"justify\">Voici les annonces de la semaine du lundi 18 au lundi 25 d\u00e9cembre 2017 pour la paroisse des 3 clochers Cr\u00e9cy-la-Chapelle, Villiers-sur-Morin, Voulangis. <\/p>\n<p>Samedi 23 \u00e0\u00a0 18 h 30, messe \u00e0\u00a0 Voulangis, <br \/>\nDimanche 24 \u00e0\u00a0 9 h 45, messe \u00e0\u00a0 Cr\u00e9cy. <\/p>\n<p>Dimanche 24 \u00e0\u00a0 18 h 30, veill\u00e9e de no\u00f6l \u00e0\u00a0 Cr\u00e9cy<br \/> <br \/>\nLundi 25 \u00e0\u00a0 9h45 , messe de la nativit\u00e9 \u00e0\u00a0 Villiers<br \/>\nSamedi 30 \u00e0\u00a0 18 h 30, messe \u00e0\u00a0 Voulangis, <br \/>\nDimanche 31 \u00e0\u00a0 9 h 45, messe \u00e0\u00a0 Cr\u00e9cy. <\/p>\n<p>Tous les d\u00e9tails dans la suite &#8230;\n<\/p><\/div>\n<table bgcolor =\"FFF6F0\" border=0>\n<tbody>\n<tr>\n<td><font color=\"00CC00\"><\/p>\n<div align=\"center\"><img decoding=\"async\" src=\"\/IMG\/jpg\/creche3.jpg\"  width=300><\/div>\n<p><\/font><\/td>\n<td><font color=\"00CC00\"><\/p>\n<div align=\"center\">\n<br \/> <br \/>\n<b>Samedi 23 d\u00e9cembre<\/b><br \/>\n18 h 30 &#8211; Messe \u00e0 Voulangis pour Patrick RIVALAN, Yvette MARILLIER  et Yvette PELOUX.<br \/>\nNous prierons \u00e9galement pour Guy DE ALDECOA inhum\u00e9 cette semaine.<\/p>\n<p><b>Dimanche 24 d\u00e9cembre<\/b> <br \/> <br \/>\nQUATRIEME DIMANCHE DE L&rsquo;AVENT<br \/>\n9 h 45 &#8211; Messe \u00e0 Cr\u00e9cy  pour  Jacqueline VALLET,  Emile PENICAUD et Michel DEDIEU.<br \/>\n18 h 30 &#8211; \u00e0 Cr\u00e9cy, MESSE DE LA NUIT DE NOEL.<\/p>\n<p><b>Lundi 25 d\u00e9cembre<\/b> <br \/> <br \/>\n9 h 45 &#8211; Messe de la nativit\u00e9 \u00e0 Villiers.<br \/>\nQu\u00eate sp\u00e9ciale pour la construction de l&rsquo;\u00e9glise St Colomban au Val d&rsquo;Europe.\n<\/div>\n<p><\/font><\/td>\n<\/tr>\n<\/tbody>\n<\/table>\n<\/div>\n<div align=\"center\">\n<table bgcolor =\"F0F0F6\" border=0>\n<tbody>\n<td ><font color=\"0E0C40\"><\/p>\n<div align=\"center\">\n<b>Mardi 26 d\u00e9cembre<\/b><br \/>\n17 h &#8211; Messe de No\u00ebl \u00e0 la Maison de Retraite<\/p>\n<p><b>Mercredi 27 d\u00e9cembre<\/b><br \/>\n10 h &#8211; \u00e0 Cr\u00e9cy,  Obs\u00e8ques de Michel ROUQUAIROL.<br \/>\n15 h &#8211; \u00e0 Cr\u00e9cy Obs\u00e8ques de Jeanne REGALA<\/p>\n<p><b>Jeudi 28 d\u00e9cembre<\/b><br \/>\n18 h &#8211; Messe \u00e0 Cr\u00e9cy pour Jean DEBAY et sa famille, et pour Ren\u00e9e GUIBERT.<\/div>\n<p><\/font><\/td>\n<td><font color=\"0E0C40\"><\/p>\n<div align=\"center\"><img decoding=\"async\" src=\"\/IMG\/jpg\/creche-SC-2017.jpg\"  width=300><\/div>\n<p><\/font><\/td>\n<\/tr>\n<\/tbody>\n<\/table>\n<p> <\/p>\n<table bgcolor =\"FFF6F0\" border=0>\n<tbody>\n<tr>\n<td><font color=\"00CC00\"><\/p>\n<div align=\"center\"><img decoding=\"async\" src=\"\/IMG\/jpg\/crechestdamien.jpg\"  width=300><\/div>\n<p><\/font><\/td>\n<td><font color=\"00CC00\"><\/p>\n<div align=\"center\">\n<p><b>Vendredi 29 d\u00e9cembre<\/b><br \/> <br \/>\n9 h &#8211; Messe \u00e0 Cr\u00e9cy pour Simon ARGOBAST, Alexandrine DIBON et Frank DJOLO<\/p>\n<p><b>Samedi 30 d\u00e9cembre<\/b><br \/>\n18 h 30 &#8211; Messe \u00e0 Voulangis pour la famille ROSIER-CHIQUET et Jean-Pierre METHAIS.<\/p>\n<p>\n<b>Dimanche 31 d\u00e9cembre<\/b> <br \/> <br \/>\nFETE de la SAINTE FAMILLE <br \/>\n9 h 45 &#8211; Messe \u00e0 Cr\u00e9cy pour Pierrette DE PENA, Mauricette CHAMPIN et Pierre MACRIDI. Nous prions aussi pour Jeanne REGALA et Michel ROUQUAIROL          inhum\u00e9s cette semaine.\n<\/div>\n<p><\/font><\/td>\n<\/tr>\n<\/tbody>\n<\/table>\n<\/div>\n","protected":false},"excerpt":{"rendered":"<p>Voici les annonces de la semaine du lundi 18 au lundi 25 d\u00e9cembre 2017 pour la paroisse des 3 clochers Cr\u00e9cy-la-Chapelle, Villiers-sur-Morin, Voulangis. Samedi 23 \u00e0\u00a0 18 h 30, messe \u00e0\u00a0 Voulangis, Dimanche 24&#46;&#46;&#46;<\/p>\n","protected":false},"author":2,"featured_media":0,"comment_status":"open","ping_status":"open","sticky":false,"template":"","format":"standard","meta":{"footnotes":""},"categories":[],"tags":[],"class_list":["post-1106","post","type-post","status-publish","format-standard","hentry"],"_links":{"self":[{"href":"https:\/\/www.chapelle-crecy.com\/index.php?rest_route=\/wp\/v2\/posts\/1106","targetHints":{"allow":["GET"]}}],"collection":[{"href":"https:\/\/www.chapelle-crecy.com\/index.php?rest_route=\/wp\/v2\/posts"}],"about":[{"href":"https:\/\/www.chapelle-crecy.com\/index.php?rest_route=\/wp\/v2\/types\/post"}],"author":[{"embeddable":true,"href":"https:\/\/www.chapelle-crecy.com\/index.php?rest_route=\/wp\/v2\/users\/2"}],"replies":[{"embeddable":true,"href":"https:\/\/www.chapelle-crecy.com\/index.php?rest_route=%2Fwp%2Fv2%2Fcomments&post=1106"}],"version-history":[{"count":0,"href":"https:\/\/www.chapelle-crecy.com\/index.php?rest_route=\/wp\/v2\/posts\/1106\/revisions"}],"wp:attachment":[{"href":"https:\/\/www.chapelle-crecy.com\/index.php?rest_route=%2Fwp%2Fv2%2Fmedia&parent=1106"}],"wp:term":[{"taxonomy":"category","embeddable":true,"href":"https:\/\/www.chapelle-crecy.com\/index.php?rest_route=%2Fwp%2Fv2%2Fcategories&post=1106"},{"taxonomy":"post_tag","embeddable":true,"href":"https:\/\/www.chapelle-crecy.com\/index.php?rest_route=%2Fwp%2Fv2%2Ftags&post=1106"}],"curies":[{"name":"wp","href":"https:\/\/api.w.org\/{rel}","templated":true}]}}