{"id":1108,"date":"2017-12-30T19:12:01","date_gmt":"2017-12-30T19:12:01","guid":{"rendered":""},"modified":"-0001-11-30T00:00:00","modified_gmt":"-0001-11-29T22:00:00","slug":"","status":"publish","type":"post","link":"https:\/\/www.chapelle-crecy.com\/?p=1108","title":{"rendered":"Annonces du 31 d\u00e9cembre 2017 au 7 janvier 2018"},"content":{"rendered":"<div align=\"justify\">Voici les annonces de la semaine du dimanche 31 d\u00e9cembre 2017 au dimanche 7 janvier 2018 pour la paroisse des 3 clochers Cr\u00e9cy-la-Chapelle, Villiers-sur-Morin, Voulangis. <\/p>\n<p>Dimanche 31 d\u00e9cembre, 9 h 45, messe \u00e0\u00a0 Cr\u00e9cy, <br \/>\nSamedi 6 janvier \u00e0\u00a0 18 h 30, messe \u00e0\u00a0 Villiers, <br \/>\nDimanche 7 janvier \u00e0\u00a0 9 h 45, messe \u00e0\u00a0 Cr\u00e9cy. <\/p>\n<p>Tous les d\u00e9tails dans la suite &#8230;\n<\/p><\/div>\n<table bgcolor =\"FFF6F0\" border=0>\n<tbody>\n<tr>\n<td><font color=\"00CC00\"><\/p>\n<div align=\"center\"><img decoding=\"async\" src=\"\/IMG\/personnes\/genevieve.jpg\"  width=200><br \/><i>Sainte Genevi\u00e8ve<\/i><\/div>\n<p><\/font><\/td>\n<td><font color=\"00CC00\"><\/p>\n<div align=\"center\">\n<b>Dimanche 31 d\u00e9cembre<\/b><br \/>\n<i>FETE de la SAINTE FAMILLE<\/i><br \/>\n9 h 45 &#8211; Messe \u00e0 Cr\u00e9cy pour Pierrette DE PENA, Mauricette CHAMPIN et Pierre MACRIDI. Nous prions aussi pour Jeanne REGALA et Michel ROUQUAIROL inhum\u00e9s cette semaine. <\/p>\n<p><b>Lundi 1er janvier<\/b> <br \/> <br \/>\n<i>Sainte Marie, M\u00e8re de Dieu<\/i><br \/>\nPas de messe en paroisse.<\/p>\n<p><b>Mardi 2 janvier <\/b><br \/>\n17 h &#8211; C\u00e9l\u00e9bration \u00e0 la Maison de Retraite.<\/p>\n<p><b>Mercredi 3 janvier<\/b><br \/>\n<i>Sainte Genevi\u00e8ve<\/i><br \/>\nPas de messe en paroisse.\n<\/div>\n<p><\/font><\/td>\n<\/tr>\n<\/tbody>\n<\/table>\n<\/div>\n<div align=\"center\">\n<table bgcolor =\"F0F0F6\" border=0>\n<tbody>\n<td ><font color=\"0E0C40\"><\/p>\n<div align=\"center\">\n<b>Jeudi 4 janvier<\/b><br \/>\n9 h 30 &#8211; A Cr\u00e9cy,  Obs\u00e8ques de  Maryvonne SIMON.<br \/>\n18 h &#8211; Messe \u00e0 Cr\u00e9cy.<\/p>\n<p><b>Vendredi 5 janvier<\/b><br \/> <br \/>\n9 h &#8211; Messe \u00e0 Cr\u00e9cy pour la famille THION-MUNIER.<br \/>\nde 9 h 30 \u00e0 10 h &#8211; Adoration du St Sacrement \u00e0 la chapelle de Vierge.<\/div>\n<p><\/font><\/td>\n<td><font color=\"0E0C40\"><\/p>\n<div align=\"center\"><img decoding=\"async\" src=\"\/IMG\/personnes\/roi_mages.jpg\"  width=300><\/div>\n<p><\/font><\/td>\n<\/tr>\n<\/tbody>\n<\/table>\n<p> <\/p>\n<table bgcolor =\"FFF6F0\" border=0>\n<tbody>\n<tr>\n<td><font color=\"00CC00\"><\/p>\n<div align=\"center\"><img decoding=\"async\" src=\"\/IMG\/personnes\/rois_mages2.gif\"  width=250><\/div>\n<p><\/font><\/td>\n<td><font color=\"00CC00\"><\/p>\n<div align=\"center\">\n<p><b>Samedi 6 janvier<\/b><br \/>\n18 h 30 &#8211; Messe \u00e0 Villiers pour Simon ARBOGAST.<\/p>\n<p>\n<b>Dimanche 7 janvier<\/b> <br \/> <br \/>\nEPIPHANIE DU SEIGNEUR <br \/>\n9 h 45 &#8211; Messe \u00e0 Cr\u00e9cy.\n<\/div>\n<p><\/font><\/td>\n<\/tr>\n<\/tbody>\n<\/table>\n<\/div>\n","protected":false},"excerpt":{"rendered":"<p>Voici les annonces de la semaine du dimanche 31 d\u00e9cembre 2017 au dimanche 7 janvier 2018 pour la paroisse des 3 clochers Cr\u00e9cy-la-Chapelle, Villiers-sur-Morin, Voulangis. Dimanche 31 d\u00e9cembre, 9 h 45, messe \u00e0\u00a0 Cr\u00e9cy,&#46;&#46;&#46;<\/p>\n","protected":false},"author":2,"featured_media":0,"comment_status":"open","ping_status":"open","sticky":false,"template":"","format":"standard","meta":{"footnotes":""},"categories":[],"tags":[],"class_list":["post-1108","post","type-post","status-publish","format-standard","hentry"],"_links":{"self":[{"href":"https:\/\/www.chapelle-crecy.com\/index.php?rest_route=\/wp\/v2\/posts\/1108","targetHints":{"allow":["GET"]}}],"collection":[{"href":"https:\/\/www.chapelle-crecy.com\/index.php?rest_route=\/wp\/v2\/posts"}],"about":[{"href":"https:\/\/www.chapelle-crecy.com\/index.php?rest_route=\/wp\/v2\/types\/post"}],"author":[{"embeddable":true,"href":"https:\/\/www.chapelle-crecy.com\/index.php?rest_route=\/wp\/v2\/users\/2"}],"replies":[{"embeddable":true,"href":"https:\/\/www.chapelle-crecy.com\/index.php?rest_route=%2Fwp%2Fv2%2Fcomments&post=1108"}],"version-history":[{"count":0,"href":"https:\/\/www.chapelle-crecy.com\/index.php?rest_route=\/wp\/v2\/posts\/1108\/revisions"}],"wp:attachment":[{"href":"https:\/\/www.chapelle-crecy.com\/index.php?rest_route=%2Fwp%2Fv2%2Fmedia&parent=1108"}],"wp:term":[{"taxonomy":"category","embeddable":true,"href":"https:\/\/www.chapelle-crecy.com\/index.php?rest_route=%2Fwp%2Fv2%2Fcategories&post=1108"},{"taxonomy":"post_tag","embeddable":true,"href":"https:\/\/www.chapelle-crecy.com\/index.php?rest_route=%2Fwp%2Fv2%2Ftags&post=1108"}],"curies":[{"name":"wp","href":"https:\/\/api.w.org\/{rel}","templated":true}]}}