{"id":1109,"date":"2018-01-01T14:36:00","date_gmt":"2018-01-01T14:36:00","guid":{"rendered":""},"modified":"-0001-11-30T00:00:00","modified_gmt":"-0001-11-29T22:00:00","slug":"","status":"publish","type":"post","link":"https:\/\/www.chapelle-crecy.com\/?p=1109","title":{"rendered":"Bonne et heureuse ann\u00e9e 2018 !"},"content":{"rendered":"<div align=\"justify\">A vous tous chers lecteurs r\u00e9guliers ou occasionnels de ce site, au nom du p\u00e8re Aim\u00e9, recevez de la part de tous les membres de l&rsquo;Equipe d&rsquo;Animation Pastorale et de l&rsquo;\u00e9quipe de communication du secteur de Cr\u00e9cy-la-Chapelle, leurs meilleurs voeux pour l&rsquo;ann\u00e9e 2018 !<br \/>\nQue le Seigneur vous accompagne tous les jours de cette ann\u00e9e. Louez-le, b\u00e9nissez-le, glorifiez-le, annoncez-le! Que la joie et la paix se r\u00e9pandent dans vos familles. Que l&rsquo;amour et l&rsquo;amiti\u00e9 soient au coeur de toutes les rencontres que vous ferez.<br \/>\nBonne ann\u00e9e 2018 !\n<\/div>\n","protected":false},"excerpt":{"rendered":"<p>A vous tous chers lecteurs r\u00e9guliers ou occasionnels de ce site, au nom du p\u00e8re Aim\u00e9, recevez de la part de tous les membres de l&rsquo;Equipe d&rsquo;Animation Pastorale et de l&rsquo;\u00e9quipe de communication du&#46;&#46;&#46;<\/p>\n","protected":false},"author":2,"featured_media":0,"comment_status":"open","ping_status":"open","sticky":false,"template":"","format":"standard","meta":{"footnotes":""},"categories":[],"tags":[],"class_list":["post-1109","post","type-post","status-publish","format-standard","hentry"],"_links":{"self":[{"href":"https:\/\/www.chapelle-crecy.com\/index.php?rest_route=\/wp\/v2\/posts\/1109","targetHints":{"allow":["GET"]}}],"collection":[{"href":"https:\/\/www.chapelle-crecy.com\/index.php?rest_route=\/wp\/v2\/posts"}],"about":[{"href":"https:\/\/www.chapelle-crecy.com\/index.php?rest_route=\/wp\/v2\/types\/post"}],"author":[{"embeddable":true,"href":"https:\/\/www.chapelle-crecy.com\/index.php?rest_route=\/wp\/v2\/users\/2"}],"replies":[{"embeddable":true,"href":"https:\/\/www.chapelle-crecy.com\/index.php?rest_route=%2Fwp%2Fv2%2Fcomments&post=1109"}],"version-history":[{"count":0,"href":"https:\/\/www.chapelle-crecy.com\/index.php?rest_route=\/wp\/v2\/posts\/1109\/revisions"}],"wp:attachment":[{"href":"https:\/\/www.chapelle-crecy.com\/index.php?rest_route=%2Fwp%2Fv2%2Fmedia&parent=1109"}],"wp:term":[{"taxonomy":"category","embeddable":true,"href":"https:\/\/www.chapelle-crecy.com\/index.php?rest_route=%2Fwp%2Fv2%2Fcategories&post=1109"},{"taxonomy":"post_tag","embeddable":true,"href":"https:\/\/www.chapelle-crecy.com\/index.php?rest_route=%2Fwp%2Fv2%2Ftags&post=1109"}],"curies":[{"name":"wp","href":"https:\/\/api.w.org\/{rel}","templated":true}]}}