{"id":1110,"date":"2018-01-05T20:21:03","date_gmt":"2018-01-05T20:21:03","guid":{"rendered":""},"modified":"-0001-11-30T00:00:00","modified_gmt":"-0001-11-29T22:00:00","slug":"","status":"publish","type":"post","link":"https:\/\/www.chapelle-crecy.com\/?p=1110","title":{"rendered":"Annonces du 6 au 14 janvier 2018"},"content":{"rendered":"<div align=\"justify\">Voici les annonces de la semaine du samedi 6 au dimanche 14 janvier 2018 pour la paroisse des 3 clochers Cr\u00e9cy-la-Chapelle, Villiers-sur-Morin, Voulangis. <\/p>\n<p>Samedi 6 janvier \u00e0\u00a0 18 h 30, messe \u00e0\u00a0 Villiers, <br \/>\nDimanche 7 janvier \u00e0\u00a0 9 h 45, messe \u00e0\u00a0 Cr\u00e9cy. <\/p>\n<p>Samedi 13 janvier \u00e0\u00a0 18 h 30, messe \u00e0\u00a0 Voulangis, <br \/>\nDimanche 14 janvier \u00e0\u00a0 9 h 45, messe \u00e0\u00a0 Cr\u00e9cy. <\/p>\n<p>Tous les d\u00e9tails dans la suite &#8230;\n<\/p><\/div>\n<div align=\"center\">\n<table bgcolor =\"FFF6F0\" border=0>\n<tbody>\n<tr>\n<td><font color=\"00CC00\"><\/p>\n<div align=\"center\"><img decoding=\"async\" src=\"\/IMG\/personnes\/rois_mages2.gif\"  width=250><\/div>\n<p><\/font><\/td>\n<td width=400><font color=\"00CC00\"><\/p>\n<div align=\"center\">\n<b>Samedi 6 janvier<\/b><br \/>\n18 h 30 &#8211; Messe \u00e0 Villiers pour Simon ARBOGAST.<\/p>\n<p><b>Dimanche 7 janvier<\/b> <br \/> <br \/>\nEPIPHANIE DU SEIGNEUR <br \/>\n9 h 45 &#8211; Messe \u00e0 Cr\u00e9cy.<\/p>\n<p><b>Lundi 8 janvier<\/b> <br \/> <br \/>\n14 h 30 &#8211;  R\u00e9union de  l&rsquo;Equipe du Rosaire chez Mme LOUIS.<br \/>\n17 h &#8211;  C\u00e9l\u00e9bration \u00e0 la Maison de Retraite.<br \/>\n20 h 30 &#8211;  R\u00e9union de l&rsquo;Equipe d&rsquo;Accueil.\n<\/div>\n<p><\/font><\/td>\n<\/tr>\n<\/tbody>\n<\/table>\n<\/div>\n<p> <\/p>\n<div align=\"center\">\n<table bgcolor =\"F0F0F6\" border=0>\n<tbody>\n<td width=400><font color=\"0E0C40\"><\/p>\n<div align=\"center\">\n<b>Mardi 9 janvier <\/b><br \/>\n18 h &#8211; Messe \u00e0 Cr\u00e9cy.<\/p>\n<p><b>Mercredi 10 janvier<\/b><br \/>\n<i>Ste Guillaume<\/i><br \/>\n18 h &#8211; Messe \u00e0 Cr\u00e9cy.<\/p>\n<p><b>Jeudi 11 janvier<\/b><br \/>\nPas de messe en paroisse.<\/div>\n<p><\/font><\/td>\n<td><font color=\"0E0C40\"><\/p>\n<div align=\"center\"><img decoding=\"async\" src=\"\/IMG\/personnes\/guillaume.jpg\" width=200><br \/><i>St Guillaume<\/i><\/div>\n<p><\/font><\/td>\n<\/tr>\n<\/tbody>\n<\/table>\n<p> <\/p>\n<table bgcolor =\"FFF6F0\" border=0>\n<tbody>\n<tr>\n<td><font color=\"00CC00\"><\/p>\n<div align=\"center\"><img decoding=\"async\" src=\"\/IMG\/personnes\/hilaire.jpg\" width=250><br \/>\n<i>Saint Hilaire<\/i><\/div>\n<p><\/font><\/td>\n<td width=400><font color=\"00CC00\"><\/p>\n<div align=\"center\">\n<b>Vendredi 12 janvier<\/b><br \/> <br \/>\n9 h &#8211; Messe \u00e0 Cr\u00e9cy.<br \/> <br \/>\n10 h &#8211; A Cr\u00e9cy, obs\u00e8ques de  Suzanne BARRAS n\u00e9e REVERCHON. <\/p>\n<p><b>Samedi 13 janvier<\/b><br \/>\n<i>Saint Hilaire<\/i><br \/> <br \/>\n18 h 30 &#8211; Messe \u00e0 Voulangis pour Maryvonne MATHONNET.<\/p>\n<p><b>Dimanche 14 janvier<\/b> <br \/> <br \/>\n9 h 45 &#8211; Messe \u00e0 Cr\u00e9cy.\n<\/div>\n<p><\/font><\/td>\n<\/tr>\n<\/tbody>\n<\/table>\n<\/div>\n","protected":false},"excerpt":{"rendered":"<p>Voici les annonces de la semaine du samedi 6 au dimanche 14 janvier 2018 pour la paroisse des 3 clochers Cr\u00e9cy-la-Chapelle, Villiers-sur-Morin, Voulangis. Samedi 6 janvier \u00e0\u00a0 18 h 30, messe \u00e0\u00a0 Villiers, Dimanche&#46;&#46;&#46;<\/p>\n","protected":false},"author":2,"featured_media":0,"comment_status":"open","ping_status":"open","sticky":false,"template":"","format":"standard","meta":{"footnotes":""},"categories":[],"tags":[],"class_list":["post-1110","post","type-post","status-publish","format-standard","hentry"],"_links":{"self":[{"href":"https:\/\/www.chapelle-crecy.com\/index.php?rest_route=\/wp\/v2\/posts\/1110","targetHints":{"allow":["GET"]}}],"collection":[{"href":"https:\/\/www.chapelle-crecy.com\/index.php?rest_route=\/wp\/v2\/posts"}],"about":[{"href":"https:\/\/www.chapelle-crecy.com\/index.php?rest_route=\/wp\/v2\/types\/post"}],"author":[{"embeddable":true,"href":"https:\/\/www.chapelle-crecy.com\/index.php?rest_route=\/wp\/v2\/users\/2"}],"replies":[{"embeddable":true,"href":"https:\/\/www.chapelle-crecy.com\/index.php?rest_route=%2Fwp%2Fv2%2Fcomments&post=1110"}],"version-history":[{"count":0,"href":"https:\/\/www.chapelle-crecy.com\/index.php?rest_route=\/wp\/v2\/posts\/1110\/revisions"}],"wp:attachment":[{"href":"https:\/\/www.chapelle-crecy.com\/index.php?rest_route=%2Fwp%2Fv2%2Fmedia&parent=1110"}],"wp:term":[{"taxonomy":"category","embeddable":true,"href":"https:\/\/www.chapelle-crecy.com\/index.php?rest_route=%2Fwp%2Fv2%2Fcategories&post=1110"},{"taxonomy":"post_tag","embeddable":true,"href":"https:\/\/www.chapelle-crecy.com\/index.php?rest_route=%2Fwp%2Fv2%2Ftags&post=1110"}],"curies":[{"name":"wp","href":"https:\/\/api.w.org\/{rel}","templated":true}]}}